{"id":13562,"date":"2026-03-16T09:19:25","date_gmt":"2026-03-16T08:19:25","guid":{"rendered":"https:\/\/www.peacewatch.ch\/2026\/03\/16\/evakuierung-der-internationalen-begleiterinnen-anfang-maerz\/"},"modified":"2026-04-30T09:27:17","modified_gmt":"2026-04-30T07:27:17","slug":"evacuation-des-accompagnateurs-et-accompagnatrices-internationaux-debut-mars","status":"publish","type":"post","link":"https:\/\/www.peacewatch.ch\/fr\/2026\/03\/16\/evacuation-des-accompagnateurs-et-accompagnatrices-internationaux-debut-mars\/","title":{"rendered":"\u00c9vacuation des accompagnateurs et accompagnatrices internationaux d\u00e9but mars"},"content":{"rendered":"\t\t<div data-elementor-type=\"wp-post\" data-elementor-id=\"13562\" class=\"elementor elementor-13562 elementor-13554\" data-elementor-post-type=\"post\">\n\t\t\t\t\t\t<section class=\"elementor-section elementor-top-section elementor-element elementor-element-8c44457 elementor-section-boxed elementor-section-height-default elementor-section-height-default\" data-id=\"8c44457\" data-element_type=\"section\" data-e-type=\"section\">\n\t\t\t\t\t\t<div class=\"elementor-container elementor-column-gap-default\">\n\t\t\t\t\t<div class=\"elementor-column elementor-col-100 elementor-top-column elementor-element elementor-element-a1d4d19\" data-id=\"a1d4d19\" data-element_type=\"column\" data-e-type=\"column\">\n\t\t\t<div class=\"elementor-widget-wrap elementor-element-populated\">\n\t\t\t\t\t\t<div class=\"elementor-element elementor-element-3fb02ae elementor-widget elementor-widget-heading\" data-id=\"3fb02ae\" data-element_type=\"widget\" data-e-type=\"widget\" data-widget_type=\"heading.default\">\n\t\t\t\t<div class=\"elementor-widget-container\">\n\t\t\t\t\t<h1 class=\"elementor-heading-title elementor-size-xl\">Mise \u00e0 jour EAPPI : \u00e9vacuation des accompagnateurs et accompagnatrices internationaux d\u00e9but mars<\/h1>\t\t\t\t<\/div>\n\t\t\t\t<\/div>\n\t\t\t\t\t<\/div>\n\t\t<\/div>\n\t\t\t\t\t<\/div>\n\t\t<\/section>\n\t\t\t\t<section class=\"elementor-section elementor-top-section elementor-element elementor-element-515515c elementor-section-boxed elementor-section-height-default elementor-section-height-default\" data-id=\"515515c\" data-element_type=\"section\" data-e-type=\"section\">\n\t\t\t\t\t\t<div class=\"elementor-container elementor-column-gap-default\">\n\t\t\t\t\t<div class=\"elementor-column elementor-col-100 elementor-top-column elementor-element elementor-element-b865ec4\" data-id=\"b865ec4\" data-element_type=\"column\" data-e-type=\"column\">\n\t\t\t<div class=\"elementor-widget-wrap elementor-element-populated\">\n\t\t\t\t\t\t<div class=\"elementor-element elementor-element-d496d1d elementor-widget elementor-widget-spacer\" data-id=\"d496d1d\" data-element_type=\"widget\" data-e-type=\"widget\" data-widget_type=\"spacer.default\">\n\t\t\t\t<div class=\"elementor-widget-container\">\n\t\t\t\t\t\t\t<div class=\"elementor-spacer\">\n\t\t\t<div class=\"elementor-spacer-inner\"><\/div>\n\t\t<\/div>\n\t\t\t\t\t\t<\/div>\n\t\t\t\t<\/div>\n\t\t\t\t<div class=\"elementor-element elementor-element-21cd43c elementor-widget elementor-widget-heading\" data-id=\"21cd43c\" data-element_type=\"widget\" data-e-type=\"widget\" data-widget_type=\"heading.default\">\n\t\t\t\t<div class=\"elementor-widget-container\">\n\t\t\t\t\t<p class=\"elementor-heading-title elementor-size-default\">16 mars 2026<\/p>\t\t\t\t<\/div>\n\t\t\t\t<\/div>\n\t\t\t\t\t<\/div>\n\t\t<\/div>\n\t\t\t\t\t<\/div>\n\t\t<\/section>\n\t\t\t\t<section class=\"elementor-section elementor-top-section elementor-element elementor-element-5078218 elementor-section-boxed elementor-section-height-default elementor-section-height-default\" data-id=\"5078218\" data-element_type=\"section\" data-e-type=\"section\">\n\t\t\t\t\t\t<div class=\"elementor-container elementor-column-gap-default\">\n\t\t\t\t\t<div class=\"elementor-column elementor-col-100 elementor-top-column elementor-element elementor-element-2979812\" data-id=\"2979812\" data-element_type=\"column\" data-e-type=\"column\">\n\t\t\t<div class=\"elementor-widget-wrap elementor-element-populated\">\n\t\t\t\t\t\t<div class=\"elementor-element elementor-element-15144be elementor-widget elementor-widget-spacer\" data-id=\"15144be\" data-element_type=\"widget\" data-e-type=\"widget\" data-widget_type=\"spacer.default\">\n\t\t\t\t<div class=\"elementor-widget-container\">\n\t\t\t\t\t\t\t<div class=\"elementor-spacer\">\n\t\t\t<div class=\"elementor-spacer-inner\"><\/div>\n\t\t<\/div>\n\t\t\t\t\t\t<\/div>\n\t\t\t\t<\/div>\n\t\t\t\t\t<\/div>\n\t\t<\/div>\n\t\t\t\t\t<\/div>\n\t\t<\/section>\n\t\t\t\t<section class=\"elementor-section elementor-top-section elementor-element elementor-element-078ab4e elementor-section-boxed elementor-section-height-default elementor-section-height-default\" data-id=\"078ab4e\" data-element_type=\"section\" data-e-type=\"section\" data-settings=\"{&quot;background_background&quot;:&quot;classic&quot;}\">\n\t\t\t\t\t\t\t<div class=\"elementor-background-overlay\"><\/div>\n\t\t\t\t\t\t\t<div class=\"elementor-container elementor-column-gap-default\">\n\t\t\t\t\t<div class=\"elementor-column elementor-col-100 elementor-top-column elementor-element elementor-element-f1122cb\" data-id=\"f1122cb\" data-element_type=\"column\" data-e-type=\"column\">\n\t\t\t<div class=\"elementor-widget-wrap elementor-element-populated\">\n\t\t\t\t\t\t<div class=\"elementor-element elementor-element-da7a695 elementor-widget elementor-widget-text-editor\" data-id=\"da7a695\" data-element_type=\"widget\" data-e-type=\"widget\" data-widget_type=\"text-editor.default\">\n\t\t\t\t<div class=\"elementor-widget-container\">\n\t\t\t\t\t\t\t\t\t<p>Suite au d\u00e9clenchement du second conflit entre Isra\u00ebl\/\u00c9tats-Unis et l\u2019Iran d\u00e9but mars 2026, les observateur\u00b7rice\u00b7s internationaux des droits humains ont de nouveau d\u00fb \u00eatre \u00e9vacu\u00e9s. Cette fois-ci, aucun EA suisse n\u2019\u00e9tait pr\u00e9sent. Comme auparavant, toutes les personnes engag\u00e9es ont d\u2019abord \u00e9t\u00e9 transf\u00e9r\u00e9es \u00e0 J\u00e9rusalem, puis ont poursuivi leur voyage par voie terrestre jusqu\u2019en Jordanie, avant de pouvoir regagner leur domicile depuis Amman.<\/p><p>La guerre, qui s\u2019est d\u00e9sormais \u00e9tendue aux pays voisins, nous pr\u00e9occupe vivement. En Cisjordanie, la situation se d\u00e9t\u00e9riore \u00e9galement de mani\u00e8re drastique : la violence des colons isra\u00e9liens et de l\u2019arm\u00e9e isra\u00e9lienne ne cesse de s\u2019intensifier et rien ne vient freiner l\u2019appropriation des terres palestiniennes. Nous esp\u00e9rons vivement que le conflit prendra bient\u00f4t fin et que nous pourrons reprendre ce travail d\u2019accompagnement international essentiel, aujourd\u2019hui fortement absent.<\/p>\t\t\t\t\t\t\t\t<\/div>\n\t\t\t\t<\/div>\n\t\t\t\t\t<\/div>\n\t\t<\/div>\n\t\t\t\t\t<\/div>\n\t\t<\/section>\n\t\t\t\t<\/div>\n\t\t","protected":false},"excerpt":{"rendered":"<p>Suite au d\u00e9clenchement du second conflit entre Isra\u00ebl\/\u00c9tats-Unis et l\u2019Iran d\u00e9but mars 2026, les observateur\u00b7rice\u00b7s internationaux des droits humains ont de nouveau d\u00fb \u00eatre \u00e9vacu\u00e9s&#8230;.<a class=\"excerpt-link\" href=\"https:\/\/www.peacewatch.ch\/fr\/2026\/03\/16\/evacuation-des-accompagnateurs-et-accompagnatrices-internationaux-debut-mars\/\">Continue reading <span class=\"screen-reader-text\">\u00c9vacuation des accompagnateurs et accompagnatrices internationaux d\u00e9but mars<\/span> <span class=\"meta-nav\" aria-hidden=\"true\">&rarr;<\/span><\/a><\/p>\n","protected":false},"author":3,"featured_media":0,"comment_status":"closed","ping_status":"open","sticky":false,"template":"","format":"standard","meta":{"footnotes":""},"categories":[90,103,89,108,92],"tags":[],"post_folder":[],"class_list":["post-13562","post","type-post","status-publish","format-standard","hentry","category-actualites-palestine-israel","category-fr-fr","category-pws-interne-fr","category-volontaires-fr","category-volontaires-eappi"],"yoast_head":"<!-- This site is optimized with the Yoast SEO plugin v26.8 - https:\/\/yoast.com\/product\/yoast-seo-wordpress\/ -->\n<title>\u00c9vacuation des accompagnateurs et accompagnatrices internationaux d\u00e9but mars &#8211; Peace Watch Switzerland<\/title>\n<meta name=\"robots\" content=\"index, follow, max-snippet:-1, max-image-preview:large, max-video-preview:-1\" \/>\n<link rel=\"canonical\" href=\"https:\/\/www.peacewatch.ch\/fr\/2026\/03\/16\/evacuation-des-accompagnateurs-et-accompagnatrices-internationaux-debut-mars\/\" \/>\n<meta property=\"og:locale\" content=\"fr_FR\" \/>\n<meta property=\"og:type\" content=\"article\" \/>\n<meta property=\"og:title\" content=\"\u00c9vacuation des accompagnateurs et accompagnatrices internationaux d\u00e9but mars &#8211; Peace Watch Switzerland\" \/>\n<meta property=\"og:description\" content=\"Suite au d\u00e9clenchement du second conflit entre Isra\u00ebl\/\u00c9tats-Unis et l\u2019Iran d\u00e9but mars 2026, les observateur\u00b7rice\u00b7s internationaux des droits humains ont de nouveau d\u00fb \u00eatre \u00e9vacu\u00e9s....Continue reading \u00c9vacuation des accompagnateurs et accompagnatrices internationaux d\u00e9but mars &rarr;\" \/>\n<meta property=\"og:url\" content=\"https:\/\/www.peacewatch.ch\/fr\/2026\/03\/16\/evacuation-des-accompagnateurs-et-accompagnatrices-internationaux-debut-mars\/\" \/>\n<meta property=\"og:site_name\" content=\"Peace Watch Switzerland\" \/>\n<meta property=\"article:published_time\" content=\"2026-03-16T08:19:25+00:00\" \/>\n<meta property=\"article:modified_time\" content=\"2026-04-30T07:27:17+00:00\" \/>\n<meta name=\"author\" content=\"sarah\" \/>\n<meta name=\"twitter:card\" content=\"summary_large_image\" \/>\n<meta name=\"twitter:label1\" content=\"\u00c9crit par\" \/>\n\t<meta name=\"twitter:data1\" content=\"sarah\" \/>\n\t<meta name=\"twitter:label2\" content=\"Dur\u00e9e de lecture estim\u00e9e\" \/>\n\t<meta name=\"twitter:data2\" content=\"1 minute\" \/>\n<script type=\"application\/ld+json\" class=\"yoast-schema-graph\">{\"@context\":\"https:\/\/schema.org\",\"@graph\":[{\"@type\":\"Article\",\"@id\":\"https:\/\/www.peacewatch.ch\/fr\/2026\/03\/16\/evacuation-des-accompagnateurs-et-accompagnatrices-internationaux-debut-mars\/#article\",\"isPartOf\":{\"@id\":\"https:\/\/www.peacewatch.ch\/fr\/2026\/03\/16\/evacuation-des-accompagnateurs-et-accompagnatrices-internationaux-debut-mars\/\"},\"author\":{\"name\":\"sarah\",\"@id\":\"https:\/\/www.peacewatch.ch\/fr\/#\/schema\/person\/93300a81b8895e809ba7e6f44b628514\"},\"headline\":\"\u00c9vacuation des accompagnateurs et accompagnatrices internationaux d\u00e9but mars\",\"datePublished\":\"2026-03-16T08:19:25+00:00\",\"dateModified\":\"2026-04-30T07:27:17+00:00\",\"mainEntityOfPage\":{\"@id\":\"https:\/\/www.peacewatch.ch\/fr\/2026\/03\/16\/evacuation-des-accompagnateurs-et-accompagnatrices-internationaux-debut-mars\/\"},\"wordCount\":180,\"publisher\":{\"@id\":\"https:\/\/www.peacewatch.ch\/fr\/#organization\"},\"articleSection\":[\"Actualit\u00e9s Palestine\/Isra\u00ebl\",\"FR\",\"PWS interne FR\",\"Volontaires\",\"Volontaires EAPPI\"],\"inLanguage\":\"fr-FR\"},{\"@type\":\"WebPage\",\"@id\":\"https:\/\/www.peacewatch.ch\/fr\/2026\/03\/16\/evacuation-des-accompagnateurs-et-accompagnatrices-internationaux-debut-mars\/\",\"url\":\"https:\/\/www.peacewatch.ch\/fr\/2026\/03\/16\/evacuation-des-accompagnateurs-et-accompagnatrices-internationaux-debut-mars\/\",\"name\":\"\u00c9vacuation des accompagnateurs et accompagnatrices internationaux d\u00e9but mars &#8211; Peace Watch Switzerland\",\"isPartOf\":{\"@id\":\"https:\/\/www.peacewatch.ch\/fr\/#website\"},\"datePublished\":\"2026-03-16T08:19:25+00:00\",\"dateModified\":\"2026-04-30T07:27:17+00:00\",\"breadcrumb\":{\"@id\":\"https:\/\/www.peacewatch.ch\/fr\/2026\/03\/16\/evacuation-des-accompagnateurs-et-accompagnatrices-internationaux-debut-mars\/#breadcrumb\"},\"inLanguage\":\"fr-FR\",\"potentialAction\":[{\"@type\":\"ReadAction\",\"target\":[\"https:\/\/www.peacewatch.ch\/fr\/2026\/03\/16\/evacuation-des-accompagnateurs-et-accompagnatrices-internationaux-debut-mars\/\"]}]},{\"@type\":\"BreadcrumbList\",\"@id\":\"https:\/\/www.peacewatch.ch\/fr\/2026\/03\/16\/evacuation-des-accompagnateurs-et-accompagnatrices-internationaux-debut-mars\/#breadcrumb\",\"itemListElement\":[{\"@type\":\"ListItem\",\"position\":1,\"name\":\"Home\",\"item\":\"https:\/\/www.peacewatch.ch\/fr\/\"},{\"@type\":\"ListItem\",\"position\":2,\"name\":\"\u00c9vacuation des accompagnateurs et accompagnatrices internationaux d\u00e9but mars\"}]},{\"@type\":\"WebSite\",\"@id\":\"https:\/\/www.peacewatch.ch\/fr\/#website\",\"url\":\"https:\/\/www.peacewatch.ch\/fr\/\",\"name\":\"Peace Watch Switzerland\",\"description\":\"Unterwegs f\u00fcr Menschenrechte\",\"publisher\":{\"@id\":\"https:\/\/www.peacewatch.ch\/fr\/#organization\"},\"potentialAction\":[{\"@type\":\"SearchAction\",\"target\":{\"@type\":\"EntryPoint\",\"urlTemplate\":\"https:\/\/www.peacewatch.ch\/fr\/?s={search_term_string}\"},\"query-input\":{\"@type\":\"PropertyValueSpecification\",\"valueRequired\":true,\"valueName\":\"search_term_string\"}}],\"inLanguage\":\"fr-FR\"},{\"@type\":\"Organization\",\"@id\":\"https:\/\/www.peacewatch.ch\/fr\/#organization\",\"name\":\"Peace Watch Switzerland\",\"url\":\"https:\/\/www.peacewatch.ch\/fr\/\",\"logo\":{\"@type\":\"ImageObject\",\"inLanguage\":\"fr-FR\",\"@id\":\"https:\/\/www.peacewatch.ch\/fr\/#\/schema\/logo\/image\/\",\"url\":\"https:\/\/www.peacewatch.ch\/wp-content\/uploads\/2020\/06\/cropped-Logo_Schwei_Strichmodus_d.png\",\"contentUrl\":\"https:\/\/www.peacewatch.ch\/wp-content\/uploads\/2020\/06\/cropped-Logo_Schwei_Strichmodus_d.png\",\"width\":9999,\"height\":2558,\"caption\":\"Peace Watch Switzerland\"},\"image\":{\"@id\":\"https:\/\/www.peacewatch.ch\/fr\/#\/schema\/logo\/image\/\"}},{\"@type\":\"Person\",\"@id\":\"https:\/\/www.peacewatch.ch\/fr\/#\/schema\/person\/93300a81b8895e809ba7e6f44b628514\",\"name\":\"sarah\",\"image\":{\"@type\":\"ImageObject\",\"inLanguage\":\"fr-FR\",\"@id\":\"https:\/\/www.peacewatch.ch\/fr\/#\/schema\/person\/image\/\",\"url\":\"https:\/\/secure.gravatar.com\/avatar\/beab1c47badb45ba6cb8de7e6e0468b7?s=96&d=mm&r=g\",\"contentUrl\":\"https:\/\/secure.gravatar.com\/avatar\/beab1c47badb45ba6cb8de7e6e0468b7?s=96&d=mm&r=g\",\"caption\":\"sarah\"}}]}<\/script>\n<!-- \/ Yoast SEO plugin. -->","yoast_head_json":{"title":"\u00c9vacuation des accompagnateurs et accompagnatrices internationaux d\u00e9but mars &#8211; Peace Watch Switzerland","robots":{"index":"index","follow":"follow","max-snippet":"max-snippet:-1","max-image-preview":"max-image-preview:large","max-video-preview":"max-video-preview:-1"},"canonical":"https:\/\/www.peacewatch.ch\/fr\/2026\/03\/16\/evacuation-des-accompagnateurs-et-accompagnatrices-internationaux-debut-mars\/","og_locale":"fr_FR","og_type":"article","og_title":"\u00c9vacuation des accompagnateurs et accompagnatrices internationaux d\u00e9but mars &#8211; Peace Watch Switzerland","og_description":"Suite au d\u00e9clenchement du second conflit entre Isra\u00ebl\/\u00c9tats-Unis et l\u2019Iran d\u00e9but mars 2026, les observateur\u00b7rice\u00b7s internationaux des droits humains ont de nouveau d\u00fb \u00eatre \u00e9vacu\u00e9s....Continue reading \u00c9vacuation des accompagnateurs et accompagnatrices internationaux d\u00e9but mars &rarr;","og_url":"https:\/\/www.peacewatch.ch\/fr\/2026\/03\/16\/evacuation-des-accompagnateurs-et-accompagnatrices-internationaux-debut-mars\/","og_site_name":"Peace Watch Switzerland","article_published_time":"2026-03-16T08:19:25+00:00","article_modified_time":"2026-04-30T07:27:17+00:00","author":"sarah","twitter_card":"summary_large_image","twitter_misc":{"\u00c9crit par":"sarah","Dur\u00e9e de lecture estim\u00e9e":"1 minute"},"schema":{"@context":"https:\/\/schema.org","@graph":[{"@type":"Article","@id":"https:\/\/www.peacewatch.ch\/fr\/2026\/03\/16\/evacuation-des-accompagnateurs-et-accompagnatrices-internationaux-debut-mars\/#article","isPartOf":{"@id":"https:\/\/www.peacewatch.ch\/fr\/2026\/03\/16\/evacuation-des-accompagnateurs-et-accompagnatrices-internationaux-debut-mars\/"},"author":{"name":"sarah","@id":"https:\/\/www.peacewatch.ch\/fr\/#\/schema\/person\/93300a81b8895e809ba7e6f44b628514"},"headline":"\u00c9vacuation des accompagnateurs et accompagnatrices internationaux d\u00e9but mars","datePublished":"2026-03-16T08:19:25+00:00","dateModified":"2026-04-30T07:27:17+00:00","mainEntityOfPage":{"@id":"https:\/\/www.peacewatch.ch\/fr\/2026\/03\/16\/evacuation-des-accompagnateurs-et-accompagnatrices-internationaux-debut-mars\/"},"wordCount":180,"publisher":{"@id":"https:\/\/www.peacewatch.ch\/fr\/#organization"},"articleSection":["Actualit\u00e9s Palestine\/Isra\u00ebl","FR","PWS interne FR","Volontaires","Volontaires EAPPI"],"inLanguage":"fr-FR"},{"@type":"WebPage","@id":"https:\/\/www.peacewatch.ch\/fr\/2026\/03\/16\/evacuation-des-accompagnateurs-et-accompagnatrices-internationaux-debut-mars\/","url":"https:\/\/www.peacewatch.ch\/fr\/2026\/03\/16\/evacuation-des-accompagnateurs-et-accompagnatrices-internationaux-debut-mars\/","name":"\u00c9vacuation des accompagnateurs et accompagnatrices internationaux d\u00e9but mars &#8211; Peace Watch Switzerland","isPartOf":{"@id":"https:\/\/www.peacewatch.ch\/fr\/#website"},"datePublished":"2026-03-16T08:19:25+00:00","dateModified":"2026-04-30T07:27:17+00:00","breadcrumb":{"@id":"https:\/\/www.peacewatch.ch\/fr\/2026\/03\/16\/evacuation-des-accompagnateurs-et-accompagnatrices-internationaux-debut-mars\/#breadcrumb"},"inLanguage":"fr-FR","potentialAction":[{"@type":"ReadAction","target":["https:\/\/www.peacewatch.ch\/fr\/2026\/03\/16\/evacuation-des-accompagnateurs-et-accompagnatrices-internationaux-debut-mars\/"]}]},{"@type":"BreadcrumbList","@id":"https:\/\/www.peacewatch.ch\/fr\/2026\/03\/16\/evacuation-des-accompagnateurs-et-accompagnatrices-internationaux-debut-mars\/#breadcrumb","itemListElement":[{"@type":"ListItem","position":1,"name":"Home","item":"https:\/\/www.peacewatch.ch\/fr\/"},{"@type":"ListItem","position":2,"name":"\u00c9vacuation des accompagnateurs et accompagnatrices internationaux d\u00e9but mars"}]},{"@type":"WebSite","@id":"https:\/\/www.peacewatch.ch\/fr\/#website","url":"https:\/\/www.peacewatch.ch\/fr\/","name":"Peace Watch Switzerland","description":"Unterwegs f\u00fcr Menschenrechte","publisher":{"@id":"https:\/\/www.peacewatch.ch\/fr\/#organization"},"potentialAction":[{"@type":"SearchAction","target":{"@type":"EntryPoint","urlTemplate":"https:\/\/www.peacewatch.ch\/fr\/?s={search_term_string}"},"query-input":{"@type":"PropertyValueSpecification","valueRequired":true,"valueName":"search_term_string"}}],"inLanguage":"fr-FR"},{"@type":"Organization","@id":"https:\/\/www.peacewatch.ch\/fr\/#organization","name":"Peace Watch Switzerland","url":"https:\/\/www.peacewatch.ch\/fr\/","logo":{"@type":"ImageObject","inLanguage":"fr-FR","@id":"https:\/\/www.peacewatch.ch\/fr\/#\/schema\/logo\/image\/","url":"https:\/\/www.peacewatch.ch\/wp-content\/uploads\/2020\/06\/cropped-Logo_Schwei_Strichmodus_d.png","contentUrl":"https:\/\/www.peacewatch.ch\/wp-content\/uploads\/2020\/06\/cropped-Logo_Schwei_Strichmodus_d.png","width":9999,"height":2558,"caption":"Peace Watch Switzerland"},"image":{"@id":"https:\/\/www.peacewatch.ch\/fr\/#\/schema\/logo\/image\/"}},{"@type":"Person","@id":"https:\/\/www.peacewatch.ch\/fr\/#\/schema\/person\/93300a81b8895e809ba7e6f44b628514","name":"sarah","image":{"@type":"ImageObject","inLanguage":"fr-FR","@id":"https:\/\/www.peacewatch.ch\/fr\/#\/schema\/person\/image\/","url":"https:\/\/secure.gravatar.com\/avatar\/beab1c47badb45ba6cb8de7e6e0468b7?s=96&d=mm&r=g","contentUrl":"https:\/\/secure.gravatar.com\/avatar\/beab1c47badb45ba6cb8de7e6e0468b7?s=96&d=mm&r=g","caption":"sarah"}}]}},"post_mailing_queue_ids":[],"_links":{"self":[{"href":"https:\/\/www.peacewatch.ch\/fr\/wp-json\/wp\/v2\/posts\/13562","targetHints":{"allow":["GET"]}}],"collection":[{"href":"https:\/\/www.peacewatch.ch\/fr\/wp-json\/wp\/v2\/posts"}],"about":[{"href":"https:\/\/www.peacewatch.ch\/fr\/wp-json\/wp\/v2\/types\/post"}],"author":[{"embeddable":true,"href":"https:\/\/www.peacewatch.ch\/fr\/wp-json\/wp\/v2\/users\/3"}],"replies":[{"embeddable":true,"href":"https:\/\/www.peacewatch.ch\/fr\/wp-json\/wp\/v2\/comments?post=13562"}],"version-history":[{"count":8,"href":"https:\/\/www.peacewatch.ch\/fr\/wp-json\/wp\/v2\/posts\/13562\/revisions"}],"predecessor-version":[{"id":13570,"href":"https:\/\/www.peacewatch.ch\/fr\/wp-json\/wp\/v2\/posts\/13562\/revisions\/13570"}],"wp:attachment":[{"href":"https:\/\/www.peacewatch.ch\/fr\/wp-json\/wp\/v2\/media?parent=13562"}],"wp:term":[{"taxonomy":"category","embeddable":true,"href":"https:\/\/www.peacewatch.ch\/fr\/wp-json\/wp\/v2\/categories?post=13562"},{"taxonomy":"post_tag","embeddable":true,"href":"https:\/\/www.peacewatch.ch\/fr\/wp-json\/wp\/v2\/tags?post=13562"},{"taxonomy":"post_folder","embeddable":true,"href":"https:\/\/www.peacewatch.ch\/fr\/wp-json\/wp\/v2\/post_folder?post=13562"}],"curies":[{"name":"wp","href":"https:\/\/api.w.org\/{rel}","templated":true}]}}