{"id":13936,"date":"2026-07-13T12:04:07","date_gmt":"2026-07-13T10:04:07","guid":{"rendered":"https:\/\/www.peacewatch.ch\/?p=13936"},"modified":"2026-07-13T12:53:04","modified_gmt":"2026-07-13T10:53:04","slug":"au-honduras-une-nouvelle-alliance-soppose-a-des-reformes-legislatives-controversees","status":"publish","type":"post","link":"https:\/\/www.peacewatch.ch\/fr\/2026\/07\/13\/au-honduras-une-nouvelle-alliance-soppose-a-des-reformes-legislatives-controversees\/","title":{"rendered":"Au Honduras, une nouvelle alliance s&rsquo;oppose \u00e0 des r\u00e9formes l\u00e9gislatives controvers\u00e9es"},"content":{"rendered":"\t\t<div data-elementor-type=\"wp-post\" data-elementor-id=\"13936\" class=\"elementor elementor-13936 elementor-13919\" data-elementor-post-type=\"post\">\n\t\t\t\t\t\t<section class=\"elementor-section elementor-top-section elementor-element elementor-element-304955a elementor-section-boxed elementor-section-height-default elementor-section-height-default\" data-id=\"304955a\" data-element_type=\"section\" data-e-type=\"section\">\n\t\t\t\t\t\t<div class=\"elementor-container elementor-column-gap-default\">\n\t\t\t\t\t<div class=\"elementor-column elementor-col-100 elementor-top-column elementor-element elementor-element-d377bd0\" data-id=\"d377bd0\" data-element_type=\"column\" data-e-type=\"column\">\n\t\t\t<div class=\"elementor-widget-wrap elementor-element-populated\">\n\t\t\t\t\t\t<div class=\"elementor-element elementor-element-28d8462 elementor-widget elementor-widget-heading\" data-id=\"28d8462\" data-element_type=\"widget\" data-e-type=\"widget\" data-widget_type=\"heading.default\">\n\t\t\t\t<div class=\"elementor-widget-container\">\n\t\t\t\t\t<h2 class=\"elementor-heading-title elementor-size-xl\">Au Honduras, une nouvelle alliance s'oppose \u00e0 des r\u00e9formes l\u00e9gislatives controvers\u00e9es<\/h2>\t\t\t\t<\/div>\n\t\t\t\t<\/div>\n\t\t\t\t\t<\/div>\n\t\t<\/div>\n\t\t\t\t\t<\/div>\n\t\t<\/section>\n\t\t\t\t<section class=\"elementor-section elementor-top-section elementor-element elementor-element-1c1842a elementor-section-boxed elementor-section-height-default elementor-section-height-default\" data-id=\"1c1842a\" data-element_type=\"section\" data-e-type=\"section\">\n\t\t\t\t\t\t<div class=\"elementor-container elementor-column-gap-default\">\n\t\t\t\t\t<div class=\"elementor-column elementor-col-100 elementor-top-column elementor-element elementor-element-f581fae\" data-id=\"f581fae\" data-element_type=\"column\" data-e-type=\"column\">\n\t\t\t<div class=\"elementor-widget-wrap elementor-element-populated\">\n\t\t\t\t\t\t<div class=\"elementor-element elementor-element-b624224 elementor-widget elementor-widget-spacer\" data-id=\"b624224\" data-element_type=\"widget\" data-e-type=\"widget\" data-widget_type=\"spacer.default\">\n\t\t\t\t<div class=\"elementor-widget-container\">\n\t\t\t\t\t\t\t<div class=\"elementor-spacer\">\n\t\t\t<div class=\"elementor-spacer-inner\"><\/div>\n\t\t<\/div>\n\t\t\t\t\t\t<\/div>\n\t\t\t\t<\/div>\n\t\t\t\t\t<\/div>\n\t\t<\/div>\n\t\t\t\t\t<\/div>\n\t\t<\/section>\n\t\t\t\t<section class=\"elementor-section elementor-top-section elementor-element elementor-element-d007e8d elementor-section-boxed elementor-section-height-default elementor-section-height-default\" data-id=\"d007e8d\" data-element_type=\"section\" data-e-type=\"section\">\n\t\t\t\t\t\t<div class=\"elementor-container elementor-column-gap-default\">\n\t\t\t\t\t<div class=\"elementor-column elementor-col-100 elementor-top-column elementor-element elementor-element-bb0ad6c\" data-id=\"bb0ad6c\" data-element_type=\"column\" data-e-type=\"column\">\n\t\t\t<div class=\"elementor-widget-wrap elementor-element-populated\">\n\t\t\t\t\t\t<div class=\"elementor-element elementor-element-f5cf61b elementor-widget elementor-widget-heading\" data-id=\"f5cf61b\" data-element_type=\"widget\" data-e-type=\"widget\" data-widget_type=\"heading.default\">\n\t\t\t\t<div class=\"elementor-widget-container\">\n\t\t\t\t\t<h2 class=\"elementor-heading-title elementor-size-medium\">Juillet 2026<\/h2>\t\t\t\t<\/div>\n\t\t\t\t<\/div>\n\t\t\t\t\t<\/div>\n\t\t<\/div>\n\t\t\t\t\t<\/div>\n\t\t<\/section>\n\t\t\t\t<section class=\"elementor-section elementor-top-section elementor-element elementor-element-13534ca elementor-section-boxed elementor-section-height-default elementor-section-height-default\" data-id=\"13534ca\" data-element_type=\"section\" data-e-type=\"section\">\n\t\t\t\t\t\t<div class=\"elementor-container elementor-column-gap-default\">\n\t\t\t\t\t<div class=\"elementor-column elementor-col-100 elementor-top-column elementor-element elementor-element-e13e89f\" data-id=\"e13e89f\" data-element_type=\"column\" data-e-type=\"column\">\n\t\t\t<div class=\"elementor-widget-wrap elementor-element-populated\">\n\t\t\t\t\t\t<div class=\"elementor-element elementor-element-bdd3896 elementor-widget elementor-widget-spacer\" data-id=\"bdd3896\" data-element_type=\"widget\" data-e-type=\"widget\" data-widget_type=\"spacer.default\">\n\t\t\t\t<div class=\"elementor-widget-container\">\n\t\t\t\t\t\t\t<div class=\"elementor-spacer\">\n\t\t\t<div class=\"elementor-spacer-inner\"><\/div>\n\t\t<\/div>\n\t\t\t\t\t\t<\/div>\n\t\t\t\t<\/div>\n\t\t\t\t\t<\/div>\n\t\t<\/div>\n\t\t\t\t\t<\/div>\n\t\t<\/section>\n\t\t\t\t<section class=\"elementor-section elementor-top-section elementor-element elementor-element-0f52f02 elementor-section-boxed elementor-section-height-default elementor-section-height-default\" data-id=\"0f52f02\" data-element_type=\"section\" data-e-type=\"section\" data-settings=\"{&quot;background_background&quot;:&quot;classic&quot;}\">\n\t\t\t\t\t\t\t<div class=\"elementor-background-overlay\"><\/div>\n\t\t\t\t\t\t\t<div class=\"elementor-container elementor-column-gap-default\">\n\t\t\t\t\t<div class=\"elementor-column elementor-col-100 elementor-top-column elementor-element elementor-element-1b383a6\" data-id=\"1b383a6\" data-element_type=\"column\" data-e-type=\"column\">\n\t\t\t<div class=\"elementor-widget-wrap elementor-element-populated\">\n\t\t\t\t\t\t<section class=\"elementor-section elementor-inner-section elementor-element elementor-element-fc008fd elementor-section-boxed elementor-section-height-default elementor-section-height-default\" data-id=\"fc008fd\" data-element_type=\"section\" data-e-type=\"section\">\n\t\t\t\t\t\t<div class=\"elementor-container elementor-column-gap-default\">\n\t\t\t\t\t<div class=\"elementor-column elementor-col-100 elementor-inner-column elementor-element elementor-element-a179e5b\" data-id=\"a179e5b\" data-element_type=\"column\" data-e-type=\"column\">\n\t\t\t<div class=\"elementor-widget-wrap elementor-element-populated\">\n\t\t\t\t\t\t<div class=\"elementor-element elementor-element-4ff6507 elementor-widget elementor-widget-text-editor\" data-id=\"4ff6507\" data-element_type=\"widget\" data-e-type=\"widget\" data-widget_type=\"text-editor.default\">\n\t\t\t\t<div class=\"elementor-widget-container\">\n\t\t\t\t\t\t\t\t\t<p>Au Honduras, plusieurs r\u00e9formes l\u00e9gislatives controvers\u00e9es du gouvernement du pr\u00e9sident Nasry Asfura suscitent une forte opposition. De nombreuses organisations de d\u00e9fense des droits humains avertissent que ces nouvelles lois affaibliraient la protection des droits humains, criminaliseraient les manifestations sociales et aggraveraient les conflits fonciers existants. En r\u00e9action, l\u2019Alianza Campesina, Ind\u00edgena y Popular a \u00e9t\u00e9 fond\u00e9e le 28 mai 2026. Cette nouvelle alliance rassemble 30 organisations paysannes, autochtones et sociales de tout le pays, dont cinq sont accompagn\u00e9es par Peace Watch Switzerland (PWS).<\/p><p>Cette alliance a notamment \u00e9t\u00e9 cr\u00e9\u00e9e en r\u00e9action \u00e0 l\u2019adoption de <strong>la loi relative \u00e0 la promotion et \u00e0 la protection du secteur agro-industriel, ainsi que des projets dans les domaines de l\u2019\u00e9nergie, du tourisme et de l\u2019\u00e9levage<\/strong>, au d\u00e9triment des petites exploitations agricoles (d\u00e9cret l\u00e9gislatif n\u00b0 107-2026). Selon les organisations sociales, cette loi privil\u00e9gie les int\u00e9r\u00eats \u00e9conomiques des grandes entreprises au d\u00e9triment des droits des communaut\u00e9s paysannes et autochtones. Elles craignent que les conflits fonciers soient davantage criminalis\u00e9s et que les droits fonciers collectifs soient affaiblis.<\/p><p>Parall\u00e8lement, les <strong>r\u00e9formes du code p\u00e9nal et du code de proc\u00e9dure p\u00e9nale <\/strong>(d\u00e9cret l\u00e9gislatif n\u00b0 84-2026) suscitent de vives inqui\u00e9tudes. Ce dernier renforce la r\u00e9pression de la criminalit\u00e9 organis\u00e9e et \u00e9largit le champ d\u2019application des sanctions p\u00e9nales.<\/p><p>Dans leurs prises de position respectives, la <strong>Coalici\u00f3n Contra la Impunidad <\/strong>(CCI) (<a href=\"https:\/\/www.peacewatch.ch\/wp-content\/uploads\/2026\/07\/1-Stellungnahme-CCI-Ley-Agroindustrial-30-06-2026.pdf\" target=\"_blank\" rel=\"noopener\">prise de position du 30 juin 2026<\/a>) et l\u2019organisation garifuna <strong>OFRANEH<\/strong>, soutenue par PWS (<a href=\"https:\/\/www.peacewatch.ch\/wp-content\/uploads\/2026\/07\/2-Stellungnahme-OFRANEH-Ley-Agroindustrial-29-06-2026.pdf\" target=\"_blank\" rel=\"noopener\">prise de position du 29 juin 2026<\/a>), qualifient la nouvelle loi visant \u00e0 promouvoir et \u00e0 prot\u00e9ger le secteur agro-industriel d\u2019inconstitutionnelle et de contraire aux droits humains. La CCI critique notamment le fait que cette loi accorde une protection juridique privil\u00e9gi\u00e9e \u00e0 certains secteurs \u00e9conomiques et oblige les institutions publiques \u00e0 garantir en priorit\u00e9 leurs int\u00e9r\u00eats, au d\u00e9triment des droits fondamentaux des communaut\u00e9s concern\u00e9es. L\u2019OFRANEH met en garde contre le fait que cette loi institutionnalise la criminalisation de la d\u00e9fense des territoires des peuples autochtones et afro-descendants. Les conflits fonciers seraient trait\u00e9s comme des occupations ill\u00e9gales avant m\u00eame toute d\u00e9cision judiciaire, et le droit p\u00e9nal serait utilis\u00e9 pour faciliter les expulsions et les expropriations au profit des int\u00e9r\u00eats \u00e9conomiques des grandes entreprises. Selon l\u2019OFRANEH, cette loi enfreint \u00e9galement la convention n\u00b0 169 de l\u2019Organisation internationale du travail (OIT), qui oblige le Honduras \u00e0 consulter les communaut\u00e9s autochtones et afro-descendantes avant toute initiative l\u00e9gislative ou tout projet concernant leurs territoires et leurs droits, et \u00e0 prot\u00e9ger leurs droits fonciers collectifs, ainsi que la jurisprudence de la Cour interam\u00e9ricaine des droits humains.<\/p><p>PWS soutient les revendications de l\u2019Alianza Campesina, Ind\u00edgena y Popular ainsi que celles d\u2019autres organisations honduriennes de d\u00e9fense des droits humains (<a href=\"https:\/\/www.peacewatch.ch\/wp-content\/uploads\/2026\/07\/3-Stellungnahme-Alianza-Campesina-Indigena-y-Popular-28-05-26.pdf\" target=\"_blank\" rel=\"noopener\">d\u00e9claration du 28 mai 2026<\/a>).<\/p><p><strong>Ensemble, nous appelons les autorit\u00e9s honduriennes \u00e0 :<\/strong><\/p><ul><li>abroger la nouvelle loi visant \u00e0 promouvoir et \u00e0 prot\u00e9ger les secteurs de l\u2019agro-industrie, de l&rsquo;\u00e9nergie et du tourisme, ou \u00e0 en suspendre l\u2019application jusqu\u2019\u00e0 ce qu\u2019elle ait \u00e9t\u00e9 r\u00e9vis\u00e9e conform\u00e9ment aux obligations internationales de l\u2019\u00c9tat hondurien en mati\u00e8re de droits humains, en concertation avec les organisations de d\u00e9fense des droits humains et les communaut\u00e9s concern\u00e9es ;<\/li><li>v\u00e9rifier la conformit\u00e9 de toutes les nouvelles lois avec la Constitution et les normes internationales relatives aux droits humains ;<\/li><li>mener une enqu\u00eate ind\u00e9pendante sur les attaques et le massacre de Rigores survenus le 21 mai 2026 dans le Bajo Agu\u00e1n, et traduire les responsables en justice ;<\/li><li>mettre fin \u00e0 la criminalisation des organisations paysannes, autochtones, garifunas et des autres organisations sociales ;<\/li><li>abroger les dispositions p\u00e9nales susceptibles d\u2019\u00eatre utilis\u00e9es abusivement pour r\u00e9primer les manifestations sociales, et garantir le droit de r\u00e9union et de manifestation pacifiques ;<\/li><li>mettre en place des m\u00e9canismes d\u00e9mocratiques de dialogue et de r\u00e9solution des conflits fonciers, avec la participation des communaut\u00e9s concern\u00e9es ;<\/li><li>d\u00e9manteler les structures arm\u00e9es et criminelles pr\u00e9sentes dans les zones de conflit.<\/li><li>respecter les droits fonciers collectifs des communaut\u00e9s autochtones, afro-descendantes et paysannes, et appliquer les arr\u00eats de la Cour interam\u00e9ricaine des droits de l&rsquo;homme.<\/li><\/ul><p>La cr\u00e9ation de l\u2019Alianza Campesina, Ind\u00edgena y Popular t\u00e9moigne du renforcement de la solidarit\u00e9 de la soci\u00e9t\u00e9 civile hondurienne face aux \u00e9volutions politiques actuelles, afin de d\u00e9fendre les droits humains, les droits fonciers et les libert\u00e9s d\u00e9mocratiques. <strong>PWS souligne une fois de plus l\u2019importance de l\u2019accompagnement international pour la protection des communaut\u00e9s concern\u00e9es et le renforcement de leur travail de plaidoyer.<\/strong><\/p>\t\t\t\t\t\t\t\t<\/div>\n\t\t\t\t<\/div>\n\t\t\t\t\t<\/div>\n\t\t<\/div>\n\t\t\t\t\t<\/div>\n\t\t<\/section>\n\t\t\t\t\t<\/div>\n\t\t<\/div>\n\t\t\t\t\t<\/div>\n\t\t<\/section>\n\t\t\t\t<section class=\"elementor-section elementor-top-section elementor-element elementor-element-b0e841a elementor-section-boxed elementor-section-height-default elementor-section-height-default\" data-id=\"b0e841a\" data-element_type=\"section\" data-e-type=\"section\">\n\t\t\t\t\t\t<div class=\"elementor-container elementor-column-gap-default\">\n\t\t\t\t\t<div class=\"elementor-column elementor-col-100 elementor-top-column elementor-element elementor-element-80d1c2c\" data-id=\"80d1c2c\" data-element_type=\"column\" data-e-type=\"column\">\n\t\t\t<div class=\"elementor-widget-wrap elementor-element-populated\">\n\t\t\t\t\t\t<div class=\"elementor-element elementor-element-009853f elementor-widget elementor-widget-spacer\" data-id=\"009853f\" data-element_type=\"widget\" data-e-type=\"widget\" data-widget_type=\"spacer.default\">\n\t\t\t\t<div class=\"elementor-widget-container\">\n\t\t\t\t\t\t\t<div class=\"elementor-spacer\">\n\t\t\t<div class=\"elementor-spacer-inner\"><\/div>\n\t\t<\/div>\n\t\t\t\t\t\t<\/div>\n\t\t\t\t<\/div>\n\t\t\t\t\t<\/div>\n\t\t<\/div>\n\t\t\t\t\t<\/div>\n\t\t<\/section>\n\t\t\t\t<section class=\"elementor-section elementor-top-section elementor-element elementor-element-7bac4e10 elementor-section-boxed elementor-section-height-default elementor-section-height-default\" data-id=\"7bac4e10\" data-element_type=\"section\" data-e-type=\"section\">\n\t\t\t\t\t\t<div class=\"elementor-container elementor-column-gap-default\">\n\t\t\t\t\t<div class=\"elementor-column elementor-col-100 elementor-top-column elementor-element elementor-element-3f62cb4f\" data-id=\"3f62cb4f\" data-element_type=\"column\" data-e-type=\"column\">\n\t\t\t<div class=\"elementor-widget-wrap elementor-element-populated\">\n\t\t\t\t\t\t<div class=\"elementor-element elementor-element-2393ea2c elementor-share-buttons--view-icon elementor-share-buttons--shape-circle elementor-share-buttons--skin-gradient elementor-grid-0 elementor-share-buttons--color-official elementor-widget elementor-widget-share-buttons\" data-id=\"2393ea2c\" data-element_type=\"widget\" data-e-type=\"widget\" data-widget_type=\"share-buttons.default\">\n\t\t\t\t<div class=\"elementor-widget-container\">\n\t\t\t\t\t\t\t<div class=\"elementor-grid\" role=\"list\">\n\t\t\t\t\t\t\t\t<div class=\"elementor-grid-item\" role=\"listitem\">\n\t\t\t\t\t\t<div class=\"elementor-share-btn elementor-share-btn_facebook\" role=\"button\" tabindex=\"0\" aria-label=\"Partager sur facebook\">\n\t\t\t\t\t\t\t\t\t\t\t\t\t\t\t<span class=\"elementor-share-btn__icon\">\n\t\t\t\t\t\t\t\t<i class=\"fab fa-facebook\" aria-hidden=\"true\"><\/i>\t\t\t\t\t\t\t<\/span>\n\t\t\t\t\t\t\t\t\t\t\t\t\t\t\t\t\t\t\t\t<\/div>\n\t\t\t\t\t<\/div>\n\t\t\t\t\t\t\t\t\t<div class=\"elementor-grid-item\" role=\"listitem\">\n\t\t\t\t\t\t<div class=\"elementor-share-btn elementor-share-btn_twitter\" role=\"button\" tabindex=\"0\" aria-label=\"Partager sur twitter\">\n\t\t\t\t\t\t\t\t\t\t\t\t\t\t\t<span class=\"elementor-share-btn__icon\">\n\t\t\t\t\t\t\t\t<i class=\"fab fa-twitter\" aria-hidden=\"true\"><\/i>\t\t\t\t\t\t\t<\/span>\n\t\t\t\t\t\t\t\t\t\t\t\t\t\t\t\t\t\t\t\t<\/div>\n\t\t\t\t\t<\/div>\n\t\t\t\t\t\t\t\t\t<div class=\"elementor-grid-item\" role=\"listitem\">\n\t\t\t\t\t\t<div class=\"elementor-share-btn elementor-share-btn_whatsapp\" role=\"button\" tabindex=\"0\" aria-label=\"Partager sur whatsapp\">\n\t\t\t\t\t\t\t\t\t\t\t\t\t\t\t<span class=\"elementor-share-btn__icon\">\n\t\t\t\t\t\t\t\t<i class=\"fab fa-whatsapp\" aria-hidden=\"true\"><\/i>\t\t\t\t\t\t\t<\/span>\n\t\t\t\t\t\t\t\t\t\t\t\t\t\t\t\t\t\t\t\t<\/div>\n\t\t\t\t\t<\/div>\n\t\t\t\t\t\t\t\t\t<div class=\"elementor-grid-item\" role=\"listitem\">\n\t\t\t\t\t\t<div class=\"elementor-share-btn elementor-share-btn_email\" role=\"button\" tabindex=\"0\" aria-label=\"Partager sur email\">\n\t\t\t\t\t\t\t\t\t\t\t\t\t\t\t<span class=\"elementor-share-btn__icon\">\n\t\t\t\t\t\t\t\t<i class=\"fas fa-envelope\" aria-hidden=\"true\"><\/i>\t\t\t\t\t\t\t<\/span>\n\t\t\t\t\t\t\t\t\t\t\t\t\t\t\t\t\t\t\t\t<\/div>\n\t\t\t\t\t<\/div>\n\t\t\t\t\t\t<\/div>\n\t\t\t\t\t\t<\/div>\n\t\t\t\t<\/div>\n\t\t\t\t\t<\/div>\n\t\t<\/div>\n\t\t\t\t\t<\/div>\n\t\t<\/section>\n\t\t\t\t<\/div>\n\t\t","protected":false},"excerpt":{"rendered":"<p>De nombreuses organisations de d\u00e9fense des droits humains avertissent que ces nouvelles lois affaibliraient la protection des droits humains, criminaliseraient les manifestations sociales et aggraveraient les conflits fonciers existants. En r\u00e9action, l\u2019Alianza Campesina, Ind\u00edgena y Popular a \u00e9t\u00e9 fond\u00e9e le 28 mai 2026&#8230;.<a class=\"excerpt-link\" href=\"https:\/\/www.peacewatch.ch\/fr\/2026\/07\/13\/au-honduras-une-nouvelle-alliance-soppose-a-des-reformes-legislatives-controversees\/\">Continue reading <span class=\"screen-reader-text\">Au Honduras, une nouvelle alliance s&rsquo;oppose \u00e0 des r\u00e9formes l\u00e9gislatives controvers\u00e9es<\/span> <span class=\"meta-nav\" aria-hidden=\"true\">&rarr;<\/span><\/a><\/p>\n","protected":false},"author":3,"featured_media":0,"comment_status":"closed","ping_status":"open","sticky":false,"template":"","format":"standard","meta":{"footnotes":""},"categories":[85,125,103,57,89,109],"tags":[],"post_folder":[],"class_list":["post-13936","post","type-post","status-publish","format-standard","hentry","category-actualites-honduras","category-de","category-fr-fr","category-non-classifiee","category-pws-interne-fr","category-volontaires-honduras-fr"],"yoast_head":"<!-- This site is optimized with the Yoast SEO plugin v26.8 - https:\/\/yoast.com\/product\/yoast-seo-wordpress\/ -->\n<title>Au Honduras, une nouvelle alliance s&#039;oppose \u00e0 des r\u00e9formes l\u00e9gislatives controvers\u00e9es &#8211; Peace Watch Switzerland<\/title>\n<meta name=\"robots\" content=\"index, follow, max-snippet:-1, max-image-preview:large, max-video-preview:-1\" \/>\n<link rel=\"canonical\" href=\"https:\/\/www.peacewatch.ch\/fr\/2026\/07\/13\/au-honduras-une-nouvelle-alliance-soppose-a-des-reformes-legislatives-controversees\/\" \/>\n<meta property=\"og:locale\" content=\"fr_FR\" \/>\n<meta property=\"og:type\" content=\"article\" \/>\n<meta property=\"og:title\" content=\"Au Honduras, une nouvelle alliance s&#039;oppose \u00e0 des r\u00e9formes l\u00e9gislatives controvers\u00e9es &#8211; Peace Watch Switzerland\" \/>\n<meta property=\"og:description\" content=\"De nombreuses organisations de d\u00e9fense des droits humains avertissent que ces nouvelles lois affaibliraient la protection des droits humains, criminaliseraient les manifestations sociales et aggraveraient les conflits fonciers existants. En r\u00e9action, l\u2019Alianza Campesina, Ind\u00edgena y Popular a \u00e9t\u00e9 fond\u00e9e le 28 mai 2026....Continue reading Au Honduras, une nouvelle alliance s&rsquo;oppose \u00e0 des r\u00e9formes l\u00e9gislatives controvers\u00e9es &rarr;\" \/>\n<meta property=\"og:url\" content=\"https:\/\/www.peacewatch.ch\/fr\/2026\/07\/13\/au-honduras-une-nouvelle-alliance-soppose-a-des-reformes-legislatives-controversees\/\" \/>\n<meta property=\"og:site_name\" content=\"Peace Watch Switzerland\" \/>\n<meta property=\"article:published_time\" content=\"2026-07-13T10:04:07+00:00\" \/>\n<meta property=\"article:modified_time\" content=\"2026-07-13T10:53:04+00:00\" \/>\n<meta name=\"author\" content=\"sarah\" \/>\n<meta name=\"twitter:card\" content=\"summary_large_image\" \/>\n<meta name=\"twitter:description\" content=\"Die Covid-19 Pandemie und das Leben unter Besatzung. Erfahre mehr in unserem Infoblatt.\" \/>\n<meta name=\"twitter:image\" content=\"https:\/\/www.peacewatch.ch\/wp-content\/uploads\/2021\/11\/infoblatt-november-2021_thumbnail.jpg\" \/>\n<meta name=\"twitter:label1\" content=\"\u00c9crit par\" \/>\n\t<meta name=\"twitter:data1\" content=\"sarah\" \/>\n\t<meta name=\"twitter:label2\" content=\"Dur\u00e9e de lecture estim\u00e9e\" \/>\n\t<meta name=\"twitter:data2\" content=\"4 minutes\" \/>\n<script type=\"application\/ld+json\" class=\"yoast-schema-graph\">{\"@context\":\"https:\/\/schema.org\",\"@graph\":[{\"@type\":\"Article\",\"@id\":\"https:\/\/www.peacewatch.ch\/fr\/2026\/07\/13\/au-honduras-une-nouvelle-alliance-soppose-a-des-reformes-legislatives-controversees\/#article\",\"isPartOf\":{\"@id\":\"https:\/\/www.peacewatch.ch\/fr\/2026\/07\/13\/au-honduras-une-nouvelle-alliance-soppose-a-des-reformes-legislatives-controversees\/\"},\"author\":{\"name\":\"sarah\",\"@id\":\"https:\/\/www.peacewatch.ch\/fr\/#\/schema\/person\/93300a81b8895e809ba7e6f44b628514\"},\"headline\":\"Au Honduras, une nouvelle alliance s&rsquo;oppose \u00e0 des r\u00e9formes l\u00e9gislatives controvers\u00e9es\",\"datePublished\":\"2026-07-13T10:04:07+00:00\",\"dateModified\":\"2026-07-13T10:53:04+00:00\",\"mainEntityOfPage\":{\"@id\":\"https:\/\/www.peacewatch.ch\/fr\/2026\/07\/13\/au-honduras-une-nouvelle-alliance-soppose-a-des-reformes-legislatives-controversees\/\"},\"wordCount\":818,\"publisher\":{\"@id\":\"https:\/\/www.peacewatch.ch\/fr\/#organization\"},\"articleSection\":[\"Actualit\u00e9s Honduras\",\"DE\",\"FR\",\"Non classifi\u00e9(e)\",\"PWS interne FR\",\"Volontaires Honduras\"],\"inLanguage\":\"fr-FR\"},{\"@type\":\"WebPage\",\"@id\":\"https:\/\/www.peacewatch.ch\/fr\/2026\/07\/13\/au-honduras-une-nouvelle-alliance-soppose-a-des-reformes-legislatives-controversees\/\",\"url\":\"https:\/\/www.peacewatch.ch\/fr\/2026\/07\/13\/au-honduras-une-nouvelle-alliance-soppose-a-des-reformes-legislatives-controversees\/\",\"name\":\"Au Honduras, une nouvelle alliance s'oppose \u00e0 des r\u00e9formes l\u00e9gislatives controvers\u00e9es &#8211; Peace Watch Switzerland\",\"isPartOf\":{\"@id\":\"https:\/\/www.peacewatch.ch\/fr\/#website\"},\"datePublished\":\"2026-07-13T10:04:07+00:00\",\"dateModified\":\"2026-07-13T10:53:04+00:00\",\"breadcrumb\":{\"@id\":\"https:\/\/www.peacewatch.ch\/fr\/2026\/07\/13\/au-honduras-une-nouvelle-alliance-soppose-a-des-reformes-legislatives-controversees\/#breadcrumb\"},\"inLanguage\":\"fr-FR\",\"potentialAction\":[{\"@type\":\"ReadAction\",\"target\":[\"https:\/\/www.peacewatch.ch\/fr\/2026\/07\/13\/au-honduras-une-nouvelle-alliance-soppose-a-des-reformes-legislatives-controversees\/\"]}]},{\"@type\":\"BreadcrumbList\",\"@id\":\"https:\/\/www.peacewatch.ch\/fr\/2026\/07\/13\/au-honduras-une-nouvelle-alliance-soppose-a-des-reformes-legislatives-controversees\/#breadcrumb\",\"itemListElement\":[{\"@type\":\"ListItem\",\"position\":1,\"name\":\"Home\",\"item\":\"https:\/\/www.peacewatch.ch\/fr\/\"},{\"@type\":\"ListItem\",\"position\":2,\"name\":\"Au Honduras, une nouvelle alliance s&#8217;oppose \u00e0 des r\u00e9formes l\u00e9gislatives controvers\u00e9es\"}]},{\"@type\":\"WebSite\",\"@id\":\"https:\/\/www.peacewatch.ch\/fr\/#website\",\"url\":\"https:\/\/www.peacewatch.ch\/fr\/\",\"name\":\"Peace Watch Switzerland\",\"description\":\"Unterwegs f\u00fcr Menschenrechte\",\"publisher\":{\"@id\":\"https:\/\/www.peacewatch.ch\/fr\/#organization\"},\"potentialAction\":[{\"@type\":\"SearchAction\",\"target\":{\"@type\":\"EntryPoint\",\"urlTemplate\":\"https:\/\/www.peacewatch.ch\/fr\/?s={search_term_string}\"},\"query-input\":{\"@type\":\"PropertyValueSpecification\",\"valueRequired\":true,\"valueName\":\"search_term_string\"}}],\"inLanguage\":\"fr-FR\"},{\"@type\":\"Organization\",\"@id\":\"https:\/\/www.peacewatch.ch\/fr\/#organization\",\"name\":\"Peace Watch Switzerland\",\"url\":\"https:\/\/www.peacewatch.ch\/fr\/\",\"logo\":{\"@type\":\"ImageObject\",\"inLanguage\":\"fr-FR\",\"@id\":\"https:\/\/www.peacewatch.ch\/fr\/#\/schema\/logo\/image\/\",\"url\":\"https:\/\/www.peacewatch.ch\/wp-content\/uploads\/2020\/06\/cropped-Logo_Schwei_Strichmodus_d.png\",\"contentUrl\":\"https:\/\/www.peacewatch.ch\/wp-content\/uploads\/2020\/06\/cropped-Logo_Schwei_Strichmodus_d.png\",\"width\":9999,\"height\":2558,\"caption\":\"Peace Watch Switzerland\"},\"image\":{\"@id\":\"https:\/\/www.peacewatch.ch\/fr\/#\/schema\/logo\/image\/\"}},{\"@type\":\"Person\",\"@id\":\"https:\/\/www.peacewatch.ch\/fr\/#\/schema\/person\/93300a81b8895e809ba7e6f44b628514\",\"name\":\"sarah\",\"image\":{\"@type\":\"ImageObject\",\"inLanguage\":\"fr-FR\",\"@id\":\"https:\/\/www.peacewatch.ch\/fr\/#\/schema\/person\/image\/\",\"url\":\"https:\/\/secure.gravatar.com\/avatar\/beab1c47badb45ba6cb8de7e6e0468b7?s=96&d=mm&r=g\",\"contentUrl\":\"https:\/\/secure.gravatar.com\/avatar\/beab1c47badb45ba6cb8de7e6e0468b7?s=96&d=mm&r=g\",\"caption\":\"sarah\"}}]}<\/script>\n<!-- \/ Yoast SEO plugin. -->","yoast_head_json":{"title":"Au Honduras, une nouvelle alliance s'oppose \u00e0 des r\u00e9formes l\u00e9gislatives controvers\u00e9es &#8211; Peace Watch Switzerland","robots":{"index":"index","follow":"follow","max-snippet":"max-snippet:-1","max-image-preview":"max-image-preview:large","max-video-preview":"max-video-preview:-1"},"canonical":"https:\/\/www.peacewatch.ch\/fr\/2026\/07\/13\/au-honduras-une-nouvelle-alliance-soppose-a-des-reformes-legislatives-controversees\/","og_locale":"fr_FR","og_type":"article","og_title":"Au Honduras, une nouvelle alliance s'oppose \u00e0 des r\u00e9formes l\u00e9gislatives controvers\u00e9es &#8211; Peace Watch Switzerland","og_description":"De nombreuses organisations de d\u00e9fense des droits humains avertissent que ces nouvelles lois affaibliraient la protection des droits humains, criminaliseraient les manifestations sociales et aggraveraient les conflits fonciers existants. En r\u00e9action, l\u2019Alianza Campesina, Ind\u00edgena y Popular a \u00e9t\u00e9 fond\u00e9e le 28 mai 2026....Continue reading Au Honduras, une nouvelle alliance s&rsquo;oppose \u00e0 des r\u00e9formes l\u00e9gislatives controvers\u00e9es &rarr;","og_url":"https:\/\/www.peacewatch.ch\/fr\/2026\/07\/13\/au-honduras-une-nouvelle-alliance-soppose-a-des-reformes-legislatives-controversees\/","og_site_name":"Peace Watch Switzerland","article_published_time":"2026-07-13T10:04:07+00:00","article_modified_time":"2026-07-13T10:53:04+00:00","author":"sarah","twitter_card":"summary_large_image","twitter_description":"Die Covid-19 Pandemie und das Leben unter Besatzung. Erfahre mehr in unserem Infoblatt.","twitter_image":"https:\/\/www.peacewatch.ch\/wp-content\/uploads\/2021\/11\/infoblatt-november-2021_thumbnail.jpg","twitter_misc":{"\u00c9crit par":"sarah","Dur\u00e9e de lecture estim\u00e9e":"4 minutes"},"schema":{"@context":"https:\/\/schema.org","@graph":[{"@type":"Article","@id":"https:\/\/www.peacewatch.ch\/fr\/2026\/07\/13\/au-honduras-une-nouvelle-alliance-soppose-a-des-reformes-legislatives-controversees\/#article","isPartOf":{"@id":"https:\/\/www.peacewatch.ch\/fr\/2026\/07\/13\/au-honduras-une-nouvelle-alliance-soppose-a-des-reformes-legislatives-controversees\/"},"author":{"name":"sarah","@id":"https:\/\/www.peacewatch.ch\/fr\/#\/schema\/person\/93300a81b8895e809ba7e6f44b628514"},"headline":"Au Honduras, une nouvelle alliance s&rsquo;oppose \u00e0 des r\u00e9formes l\u00e9gislatives controvers\u00e9es","datePublished":"2026-07-13T10:04:07+00:00","dateModified":"2026-07-13T10:53:04+00:00","mainEntityOfPage":{"@id":"https:\/\/www.peacewatch.ch\/fr\/2026\/07\/13\/au-honduras-une-nouvelle-alliance-soppose-a-des-reformes-legislatives-controversees\/"},"wordCount":818,"publisher":{"@id":"https:\/\/www.peacewatch.ch\/fr\/#organization"},"articleSection":["Actualit\u00e9s Honduras","DE","FR","Non classifi\u00e9(e)","PWS interne FR","Volontaires Honduras"],"inLanguage":"fr-FR"},{"@type":"WebPage","@id":"https:\/\/www.peacewatch.ch\/fr\/2026\/07\/13\/au-honduras-une-nouvelle-alliance-soppose-a-des-reformes-legislatives-controversees\/","url":"https:\/\/www.peacewatch.ch\/fr\/2026\/07\/13\/au-honduras-une-nouvelle-alliance-soppose-a-des-reformes-legislatives-controversees\/","name":"Au Honduras, une nouvelle alliance s'oppose \u00e0 des r\u00e9formes l\u00e9gislatives controvers\u00e9es &#8211; Peace Watch Switzerland","isPartOf":{"@id":"https:\/\/www.peacewatch.ch\/fr\/#website"},"datePublished":"2026-07-13T10:04:07+00:00","dateModified":"2026-07-13T10:53:04+00:00","breadcrumb":{"@id":"https:\/\/www.peacewatch.ch\/fr\/2026\/07\/13\/au-honduras-une-nouvelle-alliance-soppose-a-des-reformes-legislatives-controversees\/#breadcrumb"},"inLanguage":"fr-FR","potentialAction":[{"@type":"ReadAction","target":["https:\/\/www.peacewatch.ch\/fr\/2026\/07\/13\/au-honduras-une-nouvelle-alliance-soppose-a-des-reformes-legislatives-controversees\/"]}]},{"@type":"BreadcrumbList","@id":"https:\/\/www.peacewatch.ch\/fr\/2026\/07\/13\/au-honduras-une-nouvelle-alliance-soppose-a-des-reformes-legislatives-controversees\/#breadcrumb","itemListElement":[{"@type":"ListItem","position":1,"name":"Home","item":"https:\/\/www.peacewatch.ch\/fr\/"},{"@type":"ListItem","position":2,"name":"Au Honduras, une nouvelle alliance s&#8217;oppose \u00e0 des r\u00e9formes l\u00e9gislatives controvers\u00e9es"}]},{"@type":"WebSite","@id":"https:\/\/www.peacewatch.ch\/fr\/#website","url":"https:\/\/www.peacewatch.ch\/fr\/","name":"Peace Watch Switzerland","description":"Unterwegs f\u00fcr Menschenrechte","publisher":{"@id":"https:\/\/www.peacewatch.ch\/fr\/#organization"},"potentialAction":[{"@type":"SearchAction","target":{"@type":"EntryPoint","urlTemplate":"https:\/\/www.peacewatch.ch\/fr\/?s={search_term_string}"},"query-input":{"@type":"PropertyValueSpecification","valueRequired":true,"valueName":"search_term_string"}}],"inLanguage":"fr-FR"},{"@type":"Organization","@id":"https:\/\/www.peacewatch.ch\/fr\/#organization","name":"Peace Watch Switzerland","url":"https:\/\/www.peacewatch.ch\/fr\/","logo":{"@type":"ImageObject","inLanguage":"fr-FR","@id":"https:\/\/www.peacewatch.ch\/fr\/#\/schema\/logo\/image\/","url":"https:\/\/www.peacewatch.ch\/wp-content\/uploads\/2020\/06\/cropped-Logo_Schwei_Strichmodus_d.png","contentUrl":"https:\/\/www.peacewatch.ch\/wp-content\/uploads\/2020\/06\/cropped-Logo_Schwei_Strichmodus_d.png","width":9999,"height":2558,"caption":"Peace Watch Switzerland"},"image":{"@id":"https:\/\/www.peacewatch.ch\/fr\/#\/schema\/logo\/image\/"}},{"@type":"Person","@id":"https:\/\/www.peacewatch.ch\/fr\/#\/schema\/person\/93300a81b8895e809ba7e6f44b628514","name":"sarah","image":{"@type":"ImageObject","inLanguage":"fr-FR","@id":"https:\/\/www.peacewatch.ch\/fr\/#\/schema\/person\/image\/","url":"https:\/\/secure.gravatar.com\/avatar\/beab1c47badb45ba6cb8de7e6e0468b7?s=96&d=mm&r=g","contentUrl":"https:\/\/secure.gravatar.com\/avatar\/beab1c47badb45ba6cb8de7e6e0468b7?s=96&d=mm&r=g","caption":"sarah"}}]}},"post_mailing_queue_ids":[],"_links":{"self":[{"href":"https:\/\/www.peacewatch.ch\/fr\/wp-json\/wp\/v2\/posts\/13936","targetHints":{"allow":["GET"]}}],"collection":[{"href":"https:\/\/www.peacewatch.ch\/fr\/wp-json\/wp\/v2\/posts"}],"about":[{"href":"https:\/\/www.peacewatch.ch\/fr\/wp-json\/wp\/v2\/types\/post"}],"author":[{"embeddable":true,"href":"https:\/\/www.peacewatch.ch\/fr\/wp-json\/wp\/v2\/users\/3"}],"replies":[{"embeddable":true,"href":"https:\/\/www.peacewatch.ch\/fr\/wp-json\/wp\/v2\/comments?post=13936"}],"version-history":[{"count":10,"href":"https:\/\/www.peacewatch.ch\/fr\/wp-json\/wp\/v2\/posts\/13936\/revisions"}],"predecessor-version":[{"id":13946,"href":"https:\/\/www.peacewatch.ch\/fr\/wp-json\/wp\/v2\/posts\/13936\/revisions\/13946"}],"wp:attachment":[{"href":"https:\/\/www.peacewatch.ch\/fr\/wp-json\/wp\/v2\/media?parent=13936"}],"wp:term":[{"taxonomy":"category","embeddable":true,"href":"https:\/\/www.peacewatch.ch\/fr\/wp-json\/wp\/v2\/categories?post=13936"},{"taxonomy":"post_tag","embeddable":true,"href":"https:\/\/www.peacewatch.ch\/fr\/wp-json\/wp\/v2\/tags?post=13936"},{"taxonomy":"post_folder","embeddable":true,"href":"https:\/\/www.peacewatch.ch\/fr\/wp-json\/wp\/v2\/post_folder?post=13936"}],"curies":[{"name":"wp","href":"https:\/\/api.w.org\/{rel}","templated":true}]}}