{"id":14101,"date":"2026-08-25T12:56:27","date_gmt":"2026-08-25T10:56:27","guid":{"rendered":"https:\/\/www.peacewatch.ch\/2026\/08\/25\/indigener-widerstand-gegen-landraub-und-ausbeutung\/"},"modified":"2026-08-27T09:26:30","modified_gmt":"2026-08-27T07:26:30","slug":"indigener-widerstand-gegen-landraub-und-ausbeutung","status":"publish","type":"post","link":"https:\/\/www.peacewatch.ch\/fr\/2026\/08\/25\/indigener-widerstand-gegen-landraub-und-ausbeutung\/","title":{"rendered":"R\u00e9sistance autochtone contre l&rsquo;accaparement des terres et l&rsquo;exploitation : voix du Honduras"},"content":{"rendered":"\t\t<div data-elementor-type=\"wp-post\" data-elementor-id=\"14101\" class=\"elementor elementor-14101 elementor-14061\" data-elementor-post-type=\"post\">\n\t\t\t\t\t\t<section class=\"elementor-section elementor-top-section elementor-element elementor-element-56006a1 elementor-section-boxed elementor-section-height-default elementor-section-height-default\" data-id=\"56006a1\" data-element_type=\"section\" data-e-type=\"section\">\n\t\t\t\t\t\t<div class=\"elementor-container elementor-column-gap-default\">\n\t\t\t\t\t<div class=\"elementor-column elementor-col-100 elementor-top-column elementor-element elementor-element-e7d06bc\" data-id=\"e7d06bc\" data-element_type=\"column\" data-e-type=\"column\">\n\t\t\t<div class=\"elementor-widget-wrap elementor-element-populated\">\n\t\t\t\t\t\t<div class=\"elementor-element elementor-element-66809fc elementor-widget elementor-widget-heading\" data-id=\"66809fc\" data-element_type=\"widget\" data-e-type=\"widget\" data-widget_type=\"heading.default\">\n\t\t\t\t<div class=\"elementor-widget-container\">\n\t\t\t\t\t<h1 class=\"elementor-heading-title elementor-size-xl\">R\u00e9sistance autochtone contre l\u2019accaparement des terres et l\u2019exploitation : voix du Honduras<\/h1>\t\t\t\t<\/div>\n\t\t\t\t<\/div>\n\t\t\t\t\t<\/div>\n\t\t<\/div>\n\t\t\t\t\t<\/div>\n\t\t<\/section>\n\t\t\t\t<section class=\"elementor-section elementor-top-section elementor-element elementor-element-13b57e1 elementor-section-boxed elementor-section-height-default elementor-section-height-default\" data-id=\"13b57e1\" data-element_type=\"section\" data-e-type=\"section\">\n\t\t\t\t\t\t<div class=\"elementor-container elementor-column-gap-default\">\n\t\t\t\t\t<div class=\"elementor-column elementor-col-100 elementor-top-column elementor-element elementor-element-a0ae4c6\" data-id=\"a0ae4c6\" data-element_type=\"column\" data-e-type=\"column\">\n\t\t\t<div class=\"elementor-widget-wrap elementor-element-populated\">\n\t\t\t\t\t\t<div class=\"elementor-element elementor-element-8393ef4 elementor-widget elementor-widget-spacer\" data-id=\"8393ef4\" data-element_type=\"widget\" data-e-type=\"widget\" data-widget_type=\"spacer.default\">\n\t\t\t\t<div class=\"elementor-widget-container\">\n\t\t\t\t\t\t\t<div class=\"elementor-spacer\">\n\t\t\t<div class=\"elementor-spacer-inner\"><\/div>\n\t\t<\/div>\n\t\t\t\t\t\t<\/div>\n\t\t\t\t<\/div>\n\t\t\t\t\t<\/div>\n\t\t<\/div>\n\t\t\t\t\t<\/div>\n\t\t<\/section>\n\t\t\t\t<section class=\"elementor-section elementor-top-section elementor-element elementor-element-ee7cd97 elementor-section-boxed elementor-section-height-default elementor-section-height-default\" data-id=\"ee7cd97\" data-element_type=\"section\" data-e-type=\"section\">\n\t\t\t\t\t\t<div class=\"elementor-container elementor-column-gap-default\">\n\t\t\t\t\t<div class=\"elementor-column elementor-col-100 elementor-top-column elementor-element elementor-element-841f138\" data-id=\"841f138\" data-element_type=\"column\" data-e-type=\"column\">\n\t\t\t<div class=\"elementor-widget-wrap elementor-element-populated\">\n\t\t\t\t\t\t<div class=\"elementor-element elementor-element-d4bfacc elementor-widget elementor-widget-heading\" data-id=\"d4bfacc\" data-element_type=\"widget\" data-e-type=\"widget\" data-widget_type=\"heading.default\">\n\t\t\t\t<div class=\"elementor-widget-container\">\n\t\t\t\t\t<h2 class=\"elementor-heading-title elementor-size-medium\">Ao\u00fbt 2026<\/h2>\t\t\t\t<\/div>\n\t\t\t\t<\/div>\n\t\t\t\t\t<\/div>\n\t\t<\/div>\n\t\t\t\t\t<\/div>\n\t\t<\/section>\n\t\t\t\t<section class=\"elementor-section elementor-top-section elementor-element elementor-element-2774181 elementor-section-boxed elementor-section-height-default elementor-section-height-default\" data-id=\"2774181\" data-element_type=\"section\" data-e-type=\"section\">\n\t\t\t\t\t\t<div class=\"elementor-container elementor-column-gap-default\">\n\t\t\t\t\t<div class=\"elementor-column elementor-col-100 elementor-top-column elementor-element elementor-element-c4d8dff\" data-id=\"c4d8dff\" data-element_type=\"column\" data-e-type=\"column\">\n\t\t\t<div class=\"elementor-widget-wrap elementor-element-populated\">\n\t\t\t\t\t\t<div class=\"elementor-element elementor-element-a56c66d elementor-widget elementor-widget-spacer\" data-id=\"a56c66d\" data-element_type=\"widget\" data-e-type=\"widget\" data-widget_type=\"spacer.default\">\n\t\t\t\t<div class=\"elementor-widget-container\">\n\t\t\t\t\t\t\t<div class=\"elementor-spacer\">\n\t\t\t<div class=\"elementor-spacer-inner\"><\/div>\n\t\t<\/div>\n\t\t\t\t\t\t<\/div>\n\t\t\t\t<\/div>\n\t\t\t\t\t<\/div>\n\t\t<\/div>\n\t\t\t\t\t<\/div>\n\t\t<\/section>\n\t\t\t\t<section class=\"elementor-section elementor-top-section elementor-element elementor-element-b8d0e3a elementor-section-boxed elementor-section-height-default elementor-section-height-default\" data-id=\"b8d0e3a\" data-element_type=\"section\" data-e-type=\"section\">\n\t\t\t\t\t\t<div class=\"elementor-container elementor-column-gap-default\">\n\t\t\t\t\t<div class=\"elementor-column elementor-col-100 elementor-top-column elementor-element elementor-element-03d4e5e\" data-id=\"03d4e5e\" data-element_type=\"column\" data-e-type=\"column\">\n\t\t\t<div class=\"elementor-widget-wrap elementor-element-populated\">\n\t\t\t\t\t\t<div class=\"elementor-element elementor-element-6f63214 elementor-widget elementor-widget-text-editor\" data-id=\"6f63214\" data-element_type=\"widget\" data-e-type=\"widget\" data-widget_type=\"text-editor.default\">\n\t\t\t\t<div class=\"elementor-widget-container\">\n\t\t\t\t\t\t\t\t\t<p>Depuis quatre ann\u00e9es, Peace Watch Switzerland accompagne <strong>la communaut\u00e9 autochtone tolup\u00e1n de Las Vegas de Tepemech\u00edn<\/strong>, au Honduras, dans la d\u00e9fense de son territoire ancestral et de son droit \u00e0 l\u2019autod\u00e9termination. Pour le dernier num\u00e9ro du magazine <em>Agir <\/em>de L\u2019EPER, PWS a r\u00e9dig\u00e9 un article \u00e0 sa r\u00e9sistance \u00e0 l\u2019accaparement des terres et \u00e0 l\u2019exploitation de son territoire. Dans le cadre de la s\u00e9rie <em>Voices of Courage<\/em>, r\u00e9alis\u00e9e \u00e0 l\u2019occasion du 25e anniversaire de PWS, PWS a \u00e9galement r\u00e9alis\u00e9 une courte vid\u00e9o avec la pr\u00e9sidente du Conseil tribal.<\/p>\t\t\t\t\t\t\t\t<\/div>\n\t\t\t\t<\/div>\n\t\t\t\t\t<\/div>\n\t\t<\/div>\n\t\t\t\t\t<\/div>\n\t\t<\/section>\n\t\t\t\t<section class=\"elementor-section elementor-top-section elementor-element elementor-element-407d478 elementor-section-boxed elementor-section-height-default elementor-section-height-default\" data-id=\"407d478\" data-element_type=\"section\" data-e-type=\"section\">\n\t\t\t\t\t\t<div class=\"elementor-container elementor-column-gap-default\">\n\t\t\t\t\t<div class=\"elementor-column elementor-col-100 elementor-top-column elementor-element elementor-element-bbee11b\" data-id=\"bbee11b\" data-element_type=\"column\" data-e-type=\"column\">\n\t\t\t<div class=\"elementor-widget-wrap elementor-element-populated\">\n\t\t\t\t\t\t<div class=\"elementor-element elementor-element-391f632 elementor-widget elementor-widget-spacer\" data-id=\"391f632\" data-element_type=\"widget\" data-e-type=\"widget\" data-widget_type=\"spacer.default\">\n\t\t\t\t<div class=\"elementor-widget-container\">\n\t\t\t\t\t\t\t<div class=\"elementor-spacer\">\n\t\t\t<div class=\"elementor-spacer-inner\"><\/div>\n\t\t<\/div>\n\t\t\t\t\t\t<\/div>\n\t\t\t\t<\/div>\n\t\t\t\t\t<\/div>\n\t\t<\/div>\n\t\t\t\t\t<\/div>\n\t\t<\/section>\n\t\t\t\t<section class=\"elementor-section elementor-top-section elementor-element elementor-element-a494787 elementor-section-boxed elementor-section-height-default elementor-section-height-default\" data-id=\"a494787\" data-element_type=\"section\" data-e-type=\"section\">\n\t\t\t\t\t\t<div class=\"elementor-container elementor-column-gap-default\">\n\t\t\t\t\t<div class=\"elementor-column elementor-col-100 elementor-top-column elementor-element elementor-element-5a85add\" data-id=\"5a85add\" data-element_type=\"column\" data-e-type=\"column\">\n\t\t\t<div class=\"elementor-widget-wrap elementor-element-populated\">\n\t\t\t\t\t\t<div class=\"elementor-element elementor-element-e9c1c68 elementor-widget elementor-widget-text-editor\" data-id=\"e9c1c68\" data-element_type=\"widget\" data-e-type=\"widget\" data-widget_type=\"text-editor.default\">\n\t\t\t\t<div class=\"elementor-widget-container\">\n\t\t\t\t\t\t\t\t\t<p><strong>\u00ab Sans notre terre, nous sommes comme un arbre sans racines \u00bb<\/strong><\/p>\t\t\t\t\t\t\t\t<\/div>\n\t\t\t\t<\/div>\n\t\t\t\t\t<\/div>\n\t\t<\/div>\n\t\t\t\t\t<\/div>\n\t\t<\/section>\n\t\t\t\t<section class=\"elementor-section elementor-top-section elementor-element elementor-element-51f459a elementor-section-boxed elementor-section-height-default elementor-section-height-default\" data-id=\"51f459a\" data-element_type=\"section\" data-e-type=\"section\" data-settings=\"{&quot;background_background&quot;:&quot;classic&quot;}\">\n\t\t\t\t\t\t<div class=\"elementor-container elementor-column-gap-default\">\n\t\t\t\t\t<div class=\"elementor-column elementor-col-50 elementor-top-column elementor-element elementor-element-4129e01\" data-id=\"4129e01\" data-element_type=\"column\" data-e-type=\"column\">\n\t\t\t<div class=\"elementor-widget-wrap elementor-element-populated\">\n\t\t\t\t\t\t<div class=\"elementor-element elementor-element-9ad1443 elementor-widget-tablet__width-initial elementor-widget elementor-widget-text-editor\" data-id=\"9ad1443\" data-element_type=\"widget\" data-e-type=\"widget\" data-widget_type=\"text-editor.default\">\n\t\t\t\t<div class=\"elementor-widget-container\">\n\t\t\t\t\t\t\t\t\t<p>Dans l\u2019interview publi\u00e9e dans le magazine d\u2019EPER <em>Agir<\/em>, Marta Ramos et Reinaldo Barahona, membres dirigeants de la communaut\u00e9 autochtone tolup\u00e1n, parlent des menaces auxquelles leur communaut\u00e9 est expos\u00e9e et de l\u2019importance de l\u2019accompagnement international en mati\u00e8re de droits humains pour leur protection. <a href=\"https:\/\/www.eper.ch\/unsere-publikationen\/handeln-326?shpath=\/handeln-3-26\/sans-terres-comme-un-arbre-sans-racines\" target=\"_blank\" rel=\"noopener\">Lire l\u2019article complet ici<\/a>.<\/p>\t\t\t\t\t\t\t\t<\/div>\n\t\t\t\t<\/div>\n\t\t\t\t\t<\/div>\n\t\t<\/div>\n\t\t\t\t<div class=\"elementor-column elementor-col-50 elementor-top-column elementor-element elementor-element-6461657\" data-id=\"6461657\" data-element_type=\"column\" data-e-type=\"column\">\n\t\t\t<div class=\"elementor-widget-wrap elementor-element-populated\">\n\t\t\t\t\t\t<div class=\"elementor-element elementor-element-683ccc8 elementor-widget elementor-widget-image\" data-id=\"683ccc8\" data-element_type=\"widget\" data-e-type=\"widget\" data-widget_type=\"image.default\">\n\t\t\t\t<div class=\"elementor-widget-container\">\n\t\t\t\t\t\t\t\t\t\t\t\t\t\t\t\t<a href=\"https:\/\/www.eper.ch\/unsere-publikationen\/handeln-326?shpath=\/handeln-3-26\/sans-terres-comme-un-arbre-sans-racines\" target=\"_blank\">\n\t\t\t\t\t\t\t<img fetchpriority=\"high\" decoding=\"async\" width=\"870\" height=\"518\" src=\"https:\/\/www.peacewatch.ch\/wp-content\/uploads\/2026\/08\/FR-1024x610.png\" class=\"attachment-large size-large wp-image-14104\" alt=\"\" srcset=\"https:\/\/www.peacewatch.ch\/wp-content\/uploads\/2026\/08\/FR-1024x610.png 1024w, https:\/\/www.peacewatch.ch\/wp-content\/uploads\/2026\/08\/FR-300x179.png 300w, https:\/\/www.peacewatch.ch\/wp-content\/uploads\/2026\/08\/FR-768x458.png 768w, https:\/\/www.peacewatch.ch\/wp-content\/uploads\/2026\/08\/FR-430x256.png 430w, https:\/\/www.peacewatch.ch\/wp-content\/uploads\/2026\/08\/FR-1280x763.png 1280w, https:\/\/www.peacewatch.ch\/wp-content\/uploads\/2026\/08\/FR-624x372.png 624w, https:\/\/www.peacewatch.ch\/wp-content\/uploads\/2026\/08\/FR-870x518.png 870w, https:\/\/www.peacewatch.ch\/wp-content\/uploads\/2026\/08\/FR-405x241.png 405w, https:\/\/www.peacewatch.ch\/wp-content\/uploads\/2026\/08\/FR.png 1326w\" sizes=\"(max-width: 870px) 100vw, 870px\" \/>\t\t\t\t\t\t\t\t<\/a>\n\t\t\t\t\t\t\t\t\t\t\t\t\t\t\t<\/div>\n\t\t\t\t<\/div>\n\t\t\t\t\t<\/div>\n\t\t<\/div>\n\t\t\t\t\t<\/div>\n\t\t<\/section>\n\t\t\t\t<section class=\"elementor-section elementor-top-section elementor-element elementor-element-b7d276b elementor-section-boxed elementor-section-height-default elementor-section-height-default\" data-id=\"b7d276b\" data-element_type=\"section\" data-e-type=\"section\">\n\t\t\t\t\t\t<div class=\"elementor-container elementor-column-gap-default\">\n\t\t\t\t\t<div class=\"elementor-column elementor-col-100 elementor-top-column elementor-element elementor-element-ad73576\" data-id=\"ad73576\" data-element_type=\"column\" data-e-type=\"column\">\n\t\t\t<div class=\"elementor-widget-wrap elementor-element-populated\">\n\t\t\t\t\t\t<div class=\"elementor-element elementor-element-9c5e1c0 elementor-widget elementor-widget-spacer\" data-id=\"9c5e1c0\" data-element_type=\"widget\" data-e-type=\"widget\" data-widget_type=\"spacer.default\">\n\t\t\t\t<div class=\"elementor-widget-container\">\n\t\t\t\t\t\t\t<div class=\"elementor-spacer\">\n\t\t\t<div class=\"elementor-spacer-inner\"><\/div>\n\t\t<\/div>\n\t\t\t\t\t\t<\/div>\n\t\t\t\t<\/div>\n\t\t\t\t<div class=\"elementor-element elementor-element-7f0f02a elementor-widget elementor-widget-text-editor\" data-id=\"7f0f02a\" data-element_type=\"widget\" data-e-type=\"widget\" data-widget_type=\"text-editor.default\">\n\t\t\t\t<div class=\"elementor-widget-container\">\n\t\t\t\t\t\t\t\t\t<strong>Message vid\u00e9o de Marta Ramos<\/strong>\t\t\t\t\t\t\t\t<\/div>\n\t\t\t\t<\/div>\n\t\t\t\t\t<\/div>\n\t\t<\/div>\n\t\t\t\t\t<\/div>\n\t\t<\/section>\n\t\t\t\t<section class=\"elementor-section elementor-top-section elementor-element elementor-element-3606ded elementor-section-boxed elementor-section-height-default elementor-section-height-default\" data-id=\"3606ded\" data-element_type=\"section\" data-e-type=\"section\" data-settings=\"{&quot;background_background&quot;:&quot;classic&quot;}\">\n\t\t\t\t\t\t\t<div class=\"elementor-background-overlay\"><\/div>\n\t\t\t\t\t\t\t<div class=\"elementor-container elementor-column-gap-default\">\n\t\t\t\t\t<div class=\"elementor-column elementor-col-100 elementor-top-column elementor-element elementor-element-9c58364\" data-id=\"9c58364\" data-element_type=\"column\" data-e-type=\"column\">\n\t\t\t<div class=\"elementor-widget-wrap elementor-element-populated\">\n\t\t\t\t\t\t<div class=\"elementor-element elementor-element-fac8f2a elementor-widget elementor-widget-text-editor\" data-id=\"fac8f2a\" data-element_type=\"widget\" data-e-type=\"widget\" data-widget_type=\"text-editor.default\">\n\t\t\t\t<div class=\"elementor-widget-container\">\n\t\t\t\t\t\t\t\t\t<p>\u00c0 l\u2019occasion du 25e anniversaire de PWS, nous avons demand\u00e9 \u00e0 des personnes de notre entourage ce qu\u2019elles associent \u00e0 PWS et ce que notre collaboration repr\u00e9sente pour elles. Dans son message personnel, Marta Ramos, pr\u00e9sidente du Conseil tribal de la communaut\u00e9 tolup\u00e1n de Las Vegas de Tepemech\u00edn, raconte ce qui a chang\u00e9 pour elle et pour sa communaut\u00e9 depuis le d\u00e9but de l\u2019accompagnement de PWS. D\u00e9couvrez ici cette <em>Voice of Courage<\/em>.<\/p>\t\t\t\t\t\t\t\t<\/div>\n\t\t\t\t<\/div>\n\t\t\t\t<div class=\"elementor-element elementor-element-060abb8 elementor-widget elementor-widget-video\" data-id=\"060abb8\" data-element_type=\"widget\" data-e-type=\"widget\" data-settings=\"{&quot;youtube_url&quot;:&quot;https:\\\/\\\/youtu.be\\\/A75zngSTDFQ&quot;,&quot;video_type&quot;:&quot;youtube&quot;,&quot;controls&quot;:&quot;yes&quot;}\" data-widget_type=\"video.default\">\n\t\t\t\t<div class=\"elementor-widget-container\">\n\t\t\t\t\t\t\t<div class=\"elementor-wrapper elementor-open-inline\">\n\t\t\t<div class=\"elementor-video\"><\/div>\t\t<\/div>\n\t\t\t\t\t\t<\/div>\n\t\t\t\t<\/div>\n\t\t\t\t\t<\/div>\n\t\t<\/div>\n\t\t\t\t\t<\/div>\n\t\t<\/section>\n\t\t\t\t<section class=\"elementor-section elementor-top-section elementor-element elementor-element-414cb11 elementor-section-boxed elementor-section-height-default elementor-section-height-default\" data-id=\"414cb11\" data-element_type=\"section\" data-e-type=\"section\">\n\t\t\t\t\t\t<div class=\"elementor-container elementor-column-gap-default\">\n\t\t\t\t\t<div class=\"elementor-column elementor-col-100 elementor-top-column elementor-element elementor-element-e17af0e\" data-id=\"e17af0e\" data-element_type=\"column\" data-e-type=\"column\">\n\t\t\t<div class=\"elementor-widget-wrap elementor-element-populated\">\n\t\t\t\t\t\t<div class=\"elementor-element elementor-element-525d60c elementor-share-buttons--view-icon elementor-share-buttons--shape-circle elementor-share-buttons--skin-gradient elementor-grid-0 elementor-share-buttons--color-official elementor-widget elementor-widget-share-buttons\" data-id=\"525d60c\" data-element_type=\"widget\" data-e-type=\"widget\" data-widget_type=\"share-buttons.default\">\n\t\t\t\t<div class=\"elementor-widget-container\">\n\t\t\t\t\t\t\t<div class=\"elementor-grid\" role=\"list\">\n\t\t\t\t\t\t\t\t<div class=\"elementor-grid-item\" role=\"listitem\">\n\t\t\t\t\t\t<div class=\"elementor-share-btn elementor-share-btn_facebook\" role=\"button\" tabindex=\"0\" aria-label=\"Partager sur facebook\">\n\t\t\t\t\t\t\t\t\t\t\t\t\t\t\t<span class=\"elementor-share-btn__icon\">\n\t\t\t\t\t\t\t\t<i class=\"fab fa-facebook\" aria-hidden=\"true\"><\/i>\t\t\t\t\t\t\t<\/span>\n\t\t\t\t\t\t\t\t\t\t\t\t\t\t\t\t\t\t\t\t<\/div>\n\t\t\t\t\t<\/div>\n\t\t\t\t\t\t\t\t\t<div class=\"elementor-grid-item\" role=\"listitem\">\n\t\t\t\t\t\t<div class=\"elementor-share-btn elementor-share-btn_twitter\" role=\"button\" tabindex=\"0\" aria-label=\"Partager sur twitter\">\n\t\t\t\t\t\t\t\t\t\t\t\t\t\t\t<span class=\"elementor-share-btn__icon\">\n\t\t\t\t\t\t\t\t<i class=\"fab fa-twitter\" aria-hidden=\"true\"><\/i>\t\t\t\t\t\t\t<\/span>\n\t\t\t\t\t\t\t\t\t\t\t\t\t\t\t\t\t\t\t\t<\/div>\n\t\t\t\t\t<\/div>\n\t\t\t\t\t\t\t\t\t<div class=\"elementor-grid-item\" role=\"listitem\">\n\t\t\t\t\t\t<div class=\"elementor-share-btn elementor-share-btn_whatsapp\" role=\"button\" tabindex=\"0\" aria-label=\"Partager sur whatsapp\">\n\t\t\t\t\t\t\t\t\t\t\t\t\t\t\t<span class=\"elementor-share-btn__icon\">\n\t\t\t\t\t\t\t\t<i class=\"fab fa-whatsapp\" aria-hidden=\"true\"><\/i>\t\t\t\t\t\t\t<\/span>\n\t\t\t\t\t\t\t\t\t\t\t\t\t\t\t\t\t\t\t\t<\/div>\n\t\t\t\t\t<\/div>\n\t\t\t\t\t\t\t\t\t<div class=\"elementor-grid-item\" role=\"listitem\">\n\t\t\t\t\t\t<div class=\"elementor-share-btn elementor-share-btn_email\" role=\"button\" tabindex=\"0\" aria-label=\"Partager sur email\">\n\t\t\t\t\t\t\t\t\t\t\t\t\t\t\t<span class=\"elementor-share-btn__icon\">\n\t\t\t\t\t\t\t\t<i class=\"fas fa-envelope\" aria-hidden=\"true\"><\/i>\t\t\t\t\t\t\t<\/span>\n\t\t\t\t\t\t\t\t\t\t\t\t\t\t\t\t\t\t\t\t<\/div>\n\t\t\t\t\t<\/div>\n\t\t\t\t\t\t<\/div>\n\t\t\t\t\t\t<\/div>\n\t\t\t\t<\/div>\n\t\t\t\t\t<\/div>\n\t\t<\/div>\n\t\t\t\t\t<\/div>\n\t\t<\/section>\n\t\t\t\t<\/div>\n\t\t","protected":false},"excerpt":{"rendered":"<p>Depuis quatre ann\u00e9es, Peace Watch Switzerland accompagne la communaut\u00e9 autochtone tolup\u00e1n de Las Vegas de Tepemech\u00edn, au Honduras, dans la d\u00e9fense de son territoire ancestral et de son droit \u00e0 l\u2019autod\u00e9termination. &#8230;<a class=\"excerpt-link\" href=\"https:\/\/www.peacewatch.ch\/fr\/2026\/08\/25\/indigener-widerstand-gegen-landraub-und-ausbeutung\/\">Continue reading <span class=\"screen-reader-text\">R\u00e9sistance autochtone contre l&rsquo;accaparement des terres et l&rsquo;exploitation : voix du Honduras<\/span> <span class=\"meta-nav\" aria-hidden=\"true\">&rarr;<\/span><\/a><\/p>\n","protected":false},"author":3,"featured_media":0,"comment_status":"closed","ping_status":"open","sticky":false,"template":"","format":"standard","meta":{"footnotes":""},"categories":[85,103,89,109],"tags":[],"post_folder":[],"class_list":["post-14101","post","type-post","status-publish","format-standard","hentry","category-actualites-honduras","category-fr-fr","category-pws-interne-fr","category-volontaires-honduras-fr"],"yoast_head":"<!-- This site is optimized with the Yoast SEO plugin v26.8 - https:\/\/yoast.com\/product\/yoast-seo-wordpress\/ -->\n<title>R\u00e9sistance autochtone contre l&#039;accaparement des terres et l&#039;exploitation : voix du Honduras &#8211; Peace Watch Switzerland<\/title>\n<meta name=\"robots\" content=\"index, follow, max-snippet:-1, max-image-preview:large, max-video-preview:-1\" \/>\n<link rel=\"canonical\" href=\"https:\/\/www.peacewatch.ch\/fr\/2026\/08\/25\/indigener-widerstand-gegen-landraub-und-ausbeutung\/\" \/>\n<meta property=\"og:locale\" content=\"fr_FR\" \/>\n<meta property=\"og:type\" content=\"article\" \/>\n<meta property=\"og:title\" content=\"R\u00e9sistance autochtone contre l&#039;accaparement des terres et l&#039;exploitation : voix du Honduras &#8211; Peace Watch Switzerland\" \/>\n<meta property=\"og:description\" content=\"Depuis quatre ann\u00e9es, Peace Watch Switzerland accompagne la communaut\u00e9 autochtone tolup\u00e1n de Las Vegas de Tepemech\u00edn, au Honduras, dans la d\u00e9fense de son territoire ancestral et de son droit \u00e0 l\u2019autod\u00e9termination. ...Continue reading R\u00e9sistance autochtone contre l&rsquo;accaparement des terres et l&rsquo;exploitation : voix du Honduras &rarr;\" \/>\n<meta property=\"og:url\" content=\"https:\/\/www.peacewatch.ch\/fr\/2026\/08\/25\/indigener-widerstand-gegen-landraub-und-ausbeutung\/\" \/>\n<meta property=\"og:site_name\" content=\"Peace Watch Switzerland\" \/>\n<meta property=\"article:published_time\" content=\"2026-08-25T10:56:27+00:00\" \/>\n<meta property=\"article:modified_time\" content=\"2026-08-27T07:26:30+00:00\" \/>\n<meta property=\"og:image\" content=\"https:\/\/www.peacewatch.ch\/wp-content\/uploads\/2026\/08\/FR.png\" \/>\n\t<meta property=\"og:image:width\" content=\"1326\" \/>\n\t<meta property=\"og:image:height\" content=\"790\" \/>\n\t<meta property=\"og:image:type\" content=\"image\/png\" \/>\n<meta name=\"author\" content=\"sarah\" \/>\n<meta name=\"twitter:card\" content=\"summary_large_image\" \/>\n<meta name=\"twitter:label1\" content=\"\u00c9crit par\" \/>\n\t<meta name=\"twitter:data1\" content=\"sarah\" \/>\n\t<meta name=\"twitter:label2\" content=\"Dur\u00e9e de lecture estim\u00e9e\" \/>\n\t<meta name=\"twitter:data2\" content=\"2 minutes\" \/>\n<script type=\"application\/ld+json\" class=\"yoast-schema-graph\">{\"@context\":\"https:\/\/schema.org\",\"@graph\":[{\"@type\":\"Article\",\"@id\":\"https:\/\/www.peacewatch.ch\/fr\/2026\/08\/25\/indigener-widerstand-gegen-landraub-und-ausbeutung\/#article\",\"isPartOf\":{\"@id\":\"https:\/\/www.peacewatch.ch\/fr\/2026\/08\/25\/indigener-widerstand-gegen-landraub-und-ausbeutung\/\"},\"author\":{\"name\":\"sarah\",\"@id\":\"https:\/\/www.peacewatch.ch\/fr\/#\/schema\/person\/93300a81b8895e809ba7e6f44b628514\"},\"headline\":\"R\u00e9sistance autochtone contre l&rsquo;accaparement des terres et l&rsquo;exploitation : voix du Honduras\",\"datePublished\":\"2026-08-25T10:56:27+00:00\",\"dateModified\":\"2026-08-27T07:26:30+00:00\",\"mainEntityOfPage\":{\"@id\":\"https:\/\/www.peacewatch.ch\/fr\/2026\/08\/25\/indigener-widerstand-gegen-landraub-und-ausbeutung\/\"},\"wordCount\":286,\"publisher\":{\"@id\":\"https:\/\/www.peacewatch.ch\/fr\/#organization\"},\"image\":{\"@id\":\"https:\/\/www.peacewatch.ch\/fr\/2026\/08\/25\/indigener-widerstand-gegen-landraub-und-ausbeutung\/#primaryimage\"},\"thumbnailUrl\":\"https:\/\/www.peacewatch.ch\/wp-content\/uploads\/2026\/08\/FR-1024x610.png\",\"articleSection\":[\"Actualit\u00e9s Honduras\",\"FR\",\"PWS interne FR\",\"Volontaires Honduras\"],\"inLanguage\":\"fr-FR\"},{\"@type\":\"WebPage\",\"@id\":\"https:\/\/www.peacewatch.ch\/fr\/2026\/08\/25\/indigener-widerstand-gegen-landraub-und-ausbeutung\/\",\"url\":\"https:\/\/www.peacewatch.ch\/fr\/2026\/08\/25\/indigener-widerstand-gegen-landraub-und-ausbeutung\/\",\"name\":\"R\u00e9sistance autochtone contre l'accaparement des terres et l'exploitation : voix du Honduras &#8211; Peace Watch Switzerland\",\"isPartOf\":{\"@id\":\"https:\/\/www.peacewatch.ch\/fr\/#website\"},\"primaryImageOfPage\":{\"@id\":\"https:\/\/www.peacewatch.ch\/fr\/2026\/08\/25\/indigener-widerstand-gegen-landraub-und-ausbeutung\/#primaryimage\"},\"image\":{\"@id\":\"https:\/\/www.peacewatch.ch\/fr\/2026\/08\/25\/indigener-widerstand-gegen-landraub-und-ausbeutung\/#primaryimage\"},\"thumbnailUrl\":\"https:\/\/www.peacewatch.ch\/wp-content\/uploads\/2026\/08\/FR-1024x610.png\",\"datePublished\":\"2026-08-25T10:56:27+00:00\",\"dateModified\":\"2026-08-27T07:26:30+00:00\",\"breadcrumb\":{\"@id\":\"https:\/\/www.peacewatch.ch\/fr\/2026\/08\/25\/indigener-widerstand-gegen-landraub-und-ausbeutung\/#breadcrumb\"},\"inLanguage\":\"fr-FR\",\"potentialAction\":[{\"@type\":\"ReadAction\",\"target\":[\"https:\/\/www.peacewatch.ch\/fr\/2026\/08\/25\/indigener-widerstand-gegen-landraub-und-ausbeutung\/\"]}]},{\"@type\":\"ImageObject\",\"inLanguage\":\"fr-FR\",\"@id\":\"https:\/\/www.peacewatch.ch\/fr\/2026\/08\/25\/indigener-widerstand-gegen-landraub-und-ausbeutung\/#primaryimage\",\"url\":\"https:\/\/www.peacewatch.ch\/wp-content\/uploads\/2026\/08\/FR-1024x610.png\",\"contentUrl\":\"https:\/\/www.peacewatch.ch\/wp-content\/uploads\/2026\/08\/FR-1024x610.png\"},{\"@type\":\"BreadcrumbList\",\"@id\":\"https:\/\/www.peacewatch.ch\/fr\/2026\/08\/25\/indigener-widerstand-gegen-landraub-und-ausbeutung\/#breadcrumb\",\"itemListElement\":[{\"@type\":\"ListItem\",\"position\":1,\"name\":\"Home\",\"item\":\"https:\/\/www.peacewatch.ch\/fr\/\"},{\"@type\":\"ListItem\",\"position\":2,\"name\":\"R\u00e9sistance autochtone contre l&#8217;accaparement des terres et l&#8217;exploitation : voix du Honduras\"}]},{\"@type\":\"WebSite\",\"@id\":\"https:\/\/www.peacewatch.ch\/fr\/#website\",\"url\":\"https:\/\/www.peacewatch.ch\/fr\/\",\"name\":\"Peace Watch Switzerland\",\"description\":\"Unterwegs f\u00fcr Menschenrechte\",\"publisher\":{\"@id\":\"https:\/\/www.peacewatch.ch\/fr\/#organization\"},\"potentialAction\":[{\"@type\":\"SearchAction\",\"target\":{\"@type\":\"EntryPoint\",\"urlTemplate\":\"https:\/\/www.peacewatch.ch\/fr\/?s={search_term_string}\"},\"query-input\":{\"@type\":\"PropertyValueSpecification\",\"valueRequired\":true,\"valueName\":\"search_term_string\"}}],\"inLanguage\":\"fr-FR\"},{\"@type\":\"Organization\",\"@id\":\"https:\/\/www.peacewatch.ch\/fr\/#organization\",\"name\":\"Peace Watch Switzerland\",\"url\":\"https:\/\/www.peacewatch.ch\/fr\/\",\"logo\":{\"@type\":\"ImageObject\",\"inLanguage\":\"fr-FR\",\"@id\":\"https:\/\/www.peacewatch.ch\/fr\/#\/schema\/logo\/image\/\",\"url\":\"https:\/\/www.peacewatch.ch\/wp-content\/uploads\/2020\/06\/cropped-Logo_Schwei_Strichmodus_d.png\",\"contentUrl\":\"https:\/\/www.peacewatch.ch\/wp-content\/uploads\/2020\/06\/cropped-Logo_Schwei_Strichmodus_d.png\",\"width\":9999,\"height\":2558,\"caption\":\"Peace Watch Switzerland\"},\"image\":{\"@id\":\"https:\/\/www.peacewatch.ch\/fr\/#\/schema\/logo\/image\/\"}},{\"@type\":\"Person\",\"@id\":\"https:\/\/www.peacewatch.ch\/fr\/#\/schema\/person\/93300a81b8895e809ba7e6f44b628514\",\"name\":\"sarah\",\"image\":{\"@type\":\"ImageObject\",\"inLanguage\":\"fr-FR\",\"@id\":\"https:\/\/www.peacewatch.ch\/fr\/#\/schema\/person\/image\/\",\"url\":\"https:\/\/secure.gravatar.com\/avatar\/beab1c47badb45ba6cb8de7e6e0468b7?s=96&d=mm&r=g\",\"contentUrl\":\"https:\/\/secure.gravatar.com\/avatar\/beab1c47badb45ba6cb8de7e6e0468b7?s=96&d=mm&r=g\",\"caption\":\"sarah\"}}]}<\/script>\n<!-- \/ Yoast SEO plugin. -->","yoast_head_json":{"title":"R\u00e9sistance autochtone contre l'accaparement des terres et l'exploitation : voix du Honduras &#8211; Peace Watch Switzerland","robots":{"index":"index","follow":"follow","max-snippet":"max-snippet:-1","max-image-preview":"max-image-preview:large","max-video-preview":"max-video-preview:-1"},"canonical":"https:\/\/www.peacewatch.ch\/fr\/2026\/08\/25\/indigener-widerstand-gegen-landraub-und-ausbeutung\/","og_locale":"fr_FR","og_type":"article","og_title":"R\u00e9sistance autochtone contre l'accaparement des terres et l'exploitation : voix du Honduras &#8211; Peace Watch Switzerland","og_description":"Depuis quatre ann\u00e9es, Peace Watch Switzerland accompagne la communaut\u00e9 autochtone tolup\u00e1n de Las Vegas de Tepemech\u00edn, au Honduras, dans la d\u00e9fense de son territoire ancestral et de son droit \u00e0 l\u2019autod\u00e9termination. ...Continue reading R\u00e9sistance autochtone contre l&rsquo;accaparement des terres et l&rsquo;exploitation : voix du Honduras &rarr;","og_url":"https:\/\/www.peacewatch.ch\/fr\/2026\/08\/25\/indigener-widerstand-gegen-landraub-und-ausbeutung\/","og_site_name":"Peace Watch Switzerland","article_published_time":"2026-08-25T10:56:27+00:00","article_modified_time":"2026-08-27T07:26:30+00:00","og_image":[{"width":1326,"height":790,"url":"https:\/\/www.peacewatch.ch\/wp-content\/uploads\/2026\/08\/FR.png","type":"image\/png"}],"author":"sarah","twitter_card":"summary_large_image","twitter_misc":{"\u00c9crit par":"sarah","Dur\u00e9e de lecture estim\u00e9e":"2 minutes"},"schema":{"@context":"https:\/\/schema.org","@graph":[{"@type":"Article","@id":"https:\/\/www.peacewatch.ch\/fr\/2026\/08\/25\/indigener-widerstand-gegen-landraub-und-ausbeutung\/#article","isPartOf":{"@id":"https:\/\/www.peacewatch.ch\/fr\/2026\/08\/25\/indigener-widerstand-gegen-landraub-und-ausbeutung\/"},"author":{"name":"sarah","@id":"https:\/\/www.peacewatch.ch\/fr\/#\/schema\/person\/93300a81b8895e809ba7e6f44b628514"},"headline":"R\u00e9sistance autochtone contre l&rsquo;accaparement des terres et l&rsquo;exploitation : voix du Honduras","datePublished":"2026-08-25T10:56:27+00:00","dateModified":"2026-08-27T07:26:30+00:00","mainEntityOfPage":{"@id":"https:\/\/www.peacewatch.ch\/fr\/2026\/08\/25\/indigener-widerstand-gegen-landraub-und-ausbeutung\/"},"wordCount":286,"publisher":{"@id":"https:\/\/www.peacewatch.ch\/fr\/#organization"},"image":{"@id":"https:\/\/www.peacewatch.ch\/fr\/2026\/08\/25\/indigener-widerstand-gegen-landraub-und-ausbeutung\/#primaryimage"},"thumbnailUrl":"https:\/\/www.peacewatch.ch\/wp-content\/uploads\/2026\/08\/FR-1024x610.png","articleSection":["Actualit\u00e9s Honduras","FR","PWS interne FR","Volontaires Honduras"],"inLanguage":"fr-FR"},{"@type":"WebPage","@id":"https:\/\/www.peacewatch.ch\/fr\/2026\/08\/25\/indigener-widerstand-gegen-landraub-und-ausbeutung\/","url":"https:\/\/www.peacewatch.ch\/fr\/2026\/08\/25\/indigener-widerstand-gegen-landraub-und-ausbeutung\/","name":"R\u00e9sistance autochtone contre l'accaparement des terres et l'exploitation : voix du Honduras &#8211; Peace Watch Switzerland","isPartOf":{"@id":"https:\/\/www.peacewatch.ch\/fr\/#website"},"primaryImageOfPage":{"@id":"https:\/\/www.peacewatch.ch\/fr\/2026\/08\/25\/indigener-widerstand-gegen-landraub-und-ausbeutung\/#primaryimage"},"image":{"@id":"https:\/\/www.peacewatch.ch\/fr\/2026\/08\/25\/indigener-widerstand-gegen-landraub-und-ausbeutung\/#primaryimage"},"thumbnailUrl":"https:\/\/www.peacewatch.ch\/wp-content\/uploads\/2026\/08\/FR-1024x610.png","datePublished":"2026-08-25T10:56:27+00:00","dateModified":"2026-08-27T07:26:30+00:00","breadcrumb":{"@id":"https:\/\/www.peacewatch.ch\/fr\/2026\/08\/25\/indigener-widerstand-gegen-landraub-und-ausbeutung\/#breadcrumb"},"inLanguage":"fr-FR","potentialAction":[{"@type":"ReadAction","target":["https:\/\/www.peacewatch.ch\/fr\/2026\/08\/25\/indigener-widerstand-gegen-landraub-und-ausbeutung\/"]}]},{"@type":"ImageObject","inLanguage":"fr-FR","@id":"https:\/\/www.peacewatch.ch\/fr\/2026\/08\/25\/indigener-widerstand-gegen-landraub-und-ausbeutung\/#primaryimage","url":"https:\/\/www.peacewatch.ch\/wp-content\/uploads\/2026\/08\/FR-1024x610.png","contentUrl":"https:\/\/www.peacewatch.ch\/wp-content\/uploads\/2026\/08\/FR-1024x610.png"},{"@type":"BreadcrumbList","@id":"https:\/\/www.peacewatch.ch\/fr\/2026\/08\/25\/indigener-widerstand-gegen-landraub-und-ausbeutung\/#breadcrumb","itemListElement":[{"@type":"ListItem","position":1,"name":"Home","item":"https:\/\/www.peacewatch.ch\/fr\/"},{"@type":"ListItem","position":2,"name":"R\u00e9sistance autochtone contre l&#8217;accaparement des terres et l&#8217;exploitation : voix du Honduras"}]},{"@type":"WebSite","@id":"https:\/\/www.peacewatch.ch\/fr\/#website","url":"https:\/\/www.peacewatch.ch\/fr\/","name":"Peace Watch Switzerland","description":"Unterwegs f\u00fcr Menschenrechte","publisher":{"@id":"https:\/\/www.peacewatch.ch\/fr\/#organization"},"potentialAction":[{"@type":"SearchAction","target":{"@type":"EntryPoint","urlTemplate":"https:\/\/www.peacewatch.ch\/fr\/?s={search_term_string}"},"query-input":{"@type":"PropertyValueSpecification","valueRequired":true,"valueName":"search_term_string"}}],"inLanguage":"fr-FR"},{"@type":"Organization","@id":"https:\/\/www.peacewatch.ch\/fr\/#organization","name":"Peace Watch Switzerland","url":"https:\/\/www.peacewatch.ch\/fr\/","logo":{"@type":"ImageObject","inLanguage":"fr-FR","@id":"https:\/\/www.peacewatch.ch\/fr\/#\/schema\/logo\/image\/","url":"https:\/\/www.peacewatch.ch\/wp-content\/uploads\/2020\/06\/cropped-Logo_Schwei_Strichmodus_d.png","contentUrl":"https:\/\/www.peacewatch.ch\/wp-content\/uploads\/2020\/06\/cropped-Logo_Schwei_Strichmodus_d.png","width":9999,"height":2558,"caption":"Peace Watch Switzerland"},"image":{"@id":"https:\/\/www.peacewatch.ch\/fr\/#\/schema\/logo\/image\/"}},{"@type":"Person","@id":"https:\/\/www.peacewatch.ch\/fr\/#\/schema\/person\/93300a81b8895e809ba7e6f44b628514","name":"sarah","image":{"@type":"ImageObject","inLanguage":"fr-FR","@id":"https:\/\/www.peacewatch.ch\/fr\/#\/schema\/person\/image\/","url":"https:\/\/secure.gravatar.com\/avatar\/beab1c47badb45ba6cb8de7e6e0468b7?s=96&d=mm&r=g","contentUrl":"https:\/\/secure.gravatar.com\/avatar\/beab1c47badb45ba6cb8de7e6e0468b7?s=96&d=mm&r=g","caption":"sarah"}}]}},"post_mailing_queue_ids":[],"_links":{"self":[{"href":"https:\/\/www.peacewatch.ch\/fr\/wp-json\/wp\/v2\/posts\/14101","targetHints":{"allow":["GET"]}}],"collection":[{"href":"https:\/\/www.peacewatch.ch\/fr\/wp-json\/wp\/v2\/posts"}],"about":[{"href":"https:\/\/www.peacewatch.ch\/fr\/wp-json\/wp\/v2\/types\/post"}],"author":[{"embeddable":true,"href":"https:\/\/www.peacewatch.ch\/fr\/wp-json\/wp\/v2\/users\/3"}],"replies":[{"embeddable":true,"href":"https:\/\/www.peacewatch.ch\/fr\/wp-json\/wp\/v2\/comments?post=14101"}],"version-history":[{"count":10,"href":"https:\/\/www.peacewatch.ch\/fr\/wp-json\/wp\/v2\/posts\/14101\/revisions"}],"predecessor-version":[{"id":14114,"href":"https:\/\/www.peacewatch.ch\/fr\/wp-json\/wp\/v2\/posts\/14101\/revisions\/14114"}],"wp:attachment":[{"href":"https:\/\/www.peacewatch.ch\/fr\/wp-json\/wp\/v2\/media?parent=14101"}],"wp:term":[{"taxonomy":"category","embeddable":true,"href":"https:\/\/www.peacewatch.ch\/fr\/wp-json\/wp\/v2\/categories?post=14101"},{"taxonomy":"post_tag","embeddable":true,"href":"https:\/\/www.peacewatch.ch\/fr\/wp-json\/wp\/v2\/tags?post=14101"},{"taxonomy":"post_folder","embeddable":true,"href":"https:\/\/www.peacewatch.ch\/fr\/wp-json\/wp\/v2\/post_folder?post=14101"}],"curies":[{"name":"wp","href":"https:\/\/api.w.org\/{rel}","templated":true}]}}